{"id":22965,"date":"2019-06-27T13:53:45","date_gmt":"2019-06-27T16:53:45","guid":{"rendered":"http:\/\/sol.fm.br\/radio\/?p=22965"},"modified":"2019-06-27T13:53:45","modified_gmt":"2019-06-27T16:53:45","slug":"administracao-nomeia-conselho-municipal-de-transito-de-rolante","status":"publish","type":"post","link":"https:\/\/sol.fm.br\/radio\/administracao-nomeia-conselho-municipal-de-transito-de-rolante\/","title":{"rendered":"Administra\u00e7\u00e3o nomeia Conselho Municipal de Tr\u00e2nsito de Rolante"},"content":{"rendered":"<div id=\"dslc-theme-content\"><div id=\"dslc-theme-content-inner\"><p>A Administra\u00e7\u00e3o Municipal nomeou o Conselho Municipal de Tr\u00e2nsito na \u00faltima ter\u00e7a-feira, 25, quando o prefeito de Rolante, R\u00e9gis Zimmer, empossou os membros do Conselho, tendo como presidente Evandro Afonso Lembi.<\/p>\n<p>O Conselho foi constitu\u00eddo por membros indicados por entidades: Evandro Afonso Lembi (titular) e Eliezer Fraga Torres dos Reis (suplente), Guilherme M\u00fcller (titular) e Jainara Garcia Fischer (suplente) \u2013 indicados pelo Executivo Municipal; Marcelo de Souza Lara (titular) e Roberson Oleques Pedroso (suplente) \u2013 indicados pela Brigada Militar; Anderson Luiz Reichert (titular) e Alessandra Flesch (suplente) \u2013 indicados pela Acisa; Michael Fernando dos Reis (titular) e Sandra Mara dos Passos Munhoz (suplente) \u2013 indicados pela CDL; David C\u00e9sar Otto (titular) e Dirceu Luciano Homem (suplente) \u2013 indicados pela Amicam e Maikon Eluan Silva da Rosa (titular); Paulo Delfim Mendes (suplente) \u2013 indicados pelo Consepro e Leandro Luiz Gottschalk (titular) e Laudomir Rohr (suplente) \u2013 indicados pelo Corpo de Bombeiros Volunt\u00e1rios de Rolante.<\/p>\n<p>O Conselho foi criado com o intuito de ser um \u00f3rg\u00e3o de coopera\u00e7\u00e3o governamental, com a finalidade de auxiliar a Administra\u00e7\u00e3o na aprecia\u00e7\u00e3o, orienta\u00e7\u00e3o, planejamento, interpreta\u00e7\u00e3o e julgamento de a\u00e7\u00f5es relativas ao tr\u00e2nsito.<\/p>\n<h6>\n<strong>Cr\u00e9ditos: Jornalista Edna Cardoso<\/strong><\/h6>\n<p><center><iframe loading=\"lazy\" src=\"https:\/\/player.jmvstream.com\/fHPLBpjjf9XKtUAcityAS4ACnPNQ72\" allowfullscreen allow=\"autoplay; fullscreen\" frameborder=\"0\" width=\"640\" height=\"360\"><\/iframe><\/center><\/p>\n<\/div><\/div>","protected":false},"excerpt":{"rendered":"<p>A Administra\u00e7\u00e3o Municipal nomeou o Conselho Municipal de Tr\u00e2nsito na \u00faltima ter\u00e7a-feira, 25, quando o prefeito de Rolante, R\u00e9gis Zimmer, empossou os membros do Conselho, tendo como presidente Evandro Afonso Lembi. O Conselho foi constitu\u00eddo por membros indicados por entidades: Evandro Afonso Lembi (titular) e Eliezer Fraga Torres dos Reis (suplente), Guilherme M\u00fcller (titular) e [&hellip;]<\/p>\n","protected":false},"author":4,"featured_media":22966,"comment_status":"open","ping_status":"open","sticky":false,"template":"","format":"standard","meta":{"footnotes":""},"categories":[1],"tags":[],"class_list":["post-22965","post","type-post","status-publish","format-standard","has-post-thumbnail","hentry","category-sem-categoria"],"_links":{"self":[{"href":"https:\/\/sol.fm.br\/radio\/wp-json\/wp\/v2\/posts\/22965","targetHints":{"allow":["GET"]}}],"collection":[{"href":"https:\/\/sol.fm.br\/radio\/wp-json\/wp\/v2\/posts"}],"about":[{"href":"https:\/\/sol.fm.br\/radio\/wp-json\/wp\/v2\/types\/post"}],"author":[{"embeddable":true,"href":"https:\/\/sol.fm.br\/radio\/wp-json\/wp\/v2\/users\/4"}],"replies":[{"embeddable":true,"href":"https:\/\/sol.fm.br\/radio\/wp-json\/wp\/v2\/comments?post=22965"}],"version-history":[{"count":1,"href":"https:\/\/sol.fm.br\/radio\/wp-json\/wp\/v2\/posts\/22965\/revisions"}],"predecessor-version":[{"id":22967,"href":"https:\/\/sol.fm.br\/radio\/wp-json\/wp\/v2\/posts\/22965\/revisions\/22967"}],"wp:featuredmedia":[{"embeddable":true,"href":"https:\/\/sol.fm.br\/radio\/wp-json\/wp\/v2\/media\/22966"}],"wp:attachment":[{"href":"https:\/\/sol.fm.br\/radio\/wp-json\/wp\/v2\/media?parent=22965"}],"wp:term":[{"taxonomy":"category","embeddable":true,"href":"https:\/\/sol.fm.br\/radio\/wp-json\/wp\/v2\/categories?post=22965"},{"taxonomy":"post_tag","embeddable":true,"href":"https:\/\/sol.fm.br\/radio\/wp-json\/wp\/v2\/tags?post=22965"}],"curies":[{"name":"wp","href":"https:\/\/api.w.org\/{rel}","templated":true}]}}