{"id":22968,"date":"2019-06-27T13:56:04","date_gmt":"2019-06-27T16:56:04","guid":{"rendered":"http:\/\/sol.fm.br\/radio\/?p=22968"},"modified":"2019-06-27T13:56:04","modified_gmt":"2019-06-27T16:56:04","slug":"processo-seletivo-para-motorista-da-saude","status":"publish","type":"post","link":"https:\/\/sol.fm.br\/radio\/processo-seletivo-para-motorista-da-saude\/","title":{"rendered":"Processo seletivo para motorista da sa\u00fade"},"content":{"rendered":"<div id=\"dslc-theme-content\"><div id=\"dslc-theme-content-inner\"><p>Est\u00e1 aberto o processo seletivo para contrata\u00e7\u00e3o de motorista com Ensino fundamental e Carteira Nacional de Habilita\u00e7\u00e3o na categoria D. O motorista dever\u00e1 cumprir como carga hor\u00e1ria 40 horas semanais.<\/p>\n<p>As inscri\u00e7\u00f5es ser\u00e3o recebidas exclusivamente junto a Secretaria Municipal de Sa\u00fade, localizado na Rua Canad\u00e1, n\u00b0 40, Centro de Parob\u00e9 \u2013 RS, no per\u00edodo de 27 de junho a 02 de julho de 2019, no hor\u00e1rio das 13h \u00e0s 17h de segunda-feira a quinta-feira e na sexta-feira das 9h \u00e0s 12h.<\/p>\n<h6><strong>Assessoria de Imprensa | Secretaria de Comunica\u00e7\u00e3o<\/strong><\/h6>\n<p><center><iframe loading=\"lazy\" src=\"https:\/\/player.jmvstream.com\/fHPLBpjjf9XKtUAcityAS4ACnPNQ72\" allowfullscreen allow=\"autoplay; fullscreen\" frameborder=\"0\" width=\"640\" height=\"360\"><\/iframe><\/center><\/p>\n<\/div><\/div>","protected":false},"excerpt":{"rendered":"<p>Est\u00e1 aberto o processo seletivo para contrata\u00e7\u00e3o de motorista com Ensino fundamental e Carteira Nacional de Habilita\u00e7\u00e3o na categoria D. O motorista dever\u00e1 cumprir como carga hor\u00e1ria 40 horas semanais. As inscri\u00e7\u00f5es ser\u00e3o recebidas exclusivamente junto a Secretaria Municipal de Sa\u00fade, localizado na Rua Canad\u00e1, n\u00b0 40, Centro de Parob\u00e9 \u2013 RS, no per\u00edodo de [&hellip;]<\/p>\n","protected":false},"author":4,"featured_media":22969,"comment_status":"open","ping_status":"open","sticky":false,"template":"","format":"standard","meta":{"footnotes":""},"categories":[1],"tags":[],"class_list":["post-22968","post","type-post","status-publish","format-standard","has-post-thumbnail","hentry","category-sem-categoria"],"_links":{"self":[{"href":"https:\/\/sol.fm.br\/radio\/wp-json\/wp\/v2\/posts\/22968","targetHints":{"allow":["GET"]}}],"collection":[{"href":"https:\/\/sol.fm.br\/radio\/wp-json\/wp\/v2\/posts"}],"about":[{"href":"https:\/\/sol.fm.br\/radio\/wp-json\/wp\/v2\/types\/post"}],"author":[{"embeddable":true,"href":"https:\/\/sol.fm.br\/radio\/wp-json\/wp\/v2\/users\/4"}],"replies":[{"embeddable":true,"href":"https:\/\/sol.fm.br\/radio\/wp-json\/wp\/v2\/comments?post=22968"}],"version-history":[{"count":1,"href":"https:\/\/sol.fm.br\/radio\/wp-json\/wp\/v2\/posts\/22968\/revisions"}],"predecessor-version":[{"id":22970,"href":"https:\/\/sol.fm.br\/radio\/wp-json\/wp\/v2\/posts\/22968\/revisions\/22970"}],"wp:featuredmedia":[{"embeddable":true,"href":"https:\/\/sol.fm.br\/radio\/wp-json\/wp\/v2\/media\/22969"}],"wp:attachment":[{"href":"https:\/\/sol.fm.br\/radio\/wp-json\/wp\/v2\/media?parent=22968"}],"wp:term":[{"taxonomy":"category","embeddable":true,"href":"https:\/\/sol.fm.br\/radio\/wp-json\/wp\/v2\/categories?post=22968"},{"taxonomy":"post_tag","embeddable":true,"href":"https:\/\/sol.fm.br\/radio\/wp-json\/wp\/v2\/tags?post=22968"}],"curies":[{"name":"wp","href":"https:\/\/api.w.org\/{rel}","templated":true}]}}