{"id":22973,"date":"2019-06-27T16:16:27","date_gmt":"2019-06-27T19:16:27","guid":{"rendered":"http:\/\/sol.fm.br\/radio\/?p=22973"},"modified":"2019-06-27T16:16:27","modified_gmt":"2019-06-27T19:16:27","slug":"programa-de-turismo-rural-senar-rs","status":"publish","type":"post","link":"https:\/\/sol.fm.br\/radio\/programa-de-turismo-rural-senar-rs\/","title":{"rendered":"Programa de Turismo Rural - Senar\/RS"},"content":{"rendered":"<div id=\"dslc-theme-content\"><div id=\"dslc-theme-content-inner\"><p>Um grupo formado por agricultores e empreendedores dos munic\u00edpios de Rolante e Riozinho participou nesta semana, dias 24, 25 e 26 da segunda etapa do Programa de Turismo Rural do Senar, qualifica\u00e7\u00e3o que visa identificar e implantar neg\u00f3cios de turismo rural.<\/p>\n<p>O Programa iniciou com reuni\u00e3o de sensibiliza\u00e7\u00e3o realizada no m\u00eas de abril, oportunidade onde foram apresentadas as etapas e assuntos abordados em cada uma e realizadas as inscri\u00e7\u00f5es. No m\u00f3dulo deste m\u00eas, intitulado Identifica\u00e7\u00e3o e Sele\u00e7\u00e3o de Oportunidades de Neg\u00f3cios, os empreendedores puderam aprender sobre o turismo e seus conceitos, modalidades de turismo no meio rural, al\u00e9m de visitarem algumas das propriedades participantes, sugerindo poss\u00edveis melhorias e novos servi\u00e7os para cada uma.<\/p>\n<p><img loading=\"lazy\" decoding=\"async\" class=\"size-medium wp-image-22975 alignleft\" src=\"http:\/\/sol.fm.br\/radio\/wp-content\/uploads\/2019\/06\/jmnbvcxx-300x400.jpg\" alt=\"\" width=\"300\" height=\"400\" srcset=\"https:\/\/sol.fm.br\/radio\/wp-content\/uploads\/2019\/06\/jmnbvcxx-300x400.jpg 300w, https:\/\/sol.fm.br\/radio\/wp-content\/uploads\/2019\/06\/jmnbvcxx.jpg 455w\" sizes=\"auto, (max-width: 300px) 100vw, 300px\" \/>De acordo com a coordenadora de turismo do munic\u00edpio, turism\u00f3loga Diuly M\u00e4hler, esse primeiro m\u00f3dulo foi importante principalmente para que os empreendedores conhecessem os produtos e servi\u00e7os que cada um oferece, podendo assim divulgar e indicar com mais seguran\u00e7a os trabalhos uns dos outros.<\/p>\n<p>O Programa de Turismo Rural do Senar faz parte das iniciativas do DEL e Departamento Municipal de Turismo de Rolante para qualifica\u00e7\u00e3o e desenvolvimento do setor no munic\u00edpio e contou com apoio do Sindicato dos Produtores Rurais do Vale do Paranhana e CDL Rolante e Riozinho.<\/p>\n<p>O pr\u00f3ximo m\u00f3dulo - Acolhida no meio rural - est\u00e1 agendado para o final do m\u00eas de julho.<\/p>\n<h6><strong>Diuly Cristina M\u00e4hler<\/strong><\/h6>\n<h6><strong>Turism\u00f3loga<\/strong><\/h6>\n<p><center><iframe loading=\"lazy\" src=\"https:\/\/player.jmvstream.com\/fHPLBpjjf9XKtUAcityAS4ACnPNQ72\" allowfullscreen allow=\"autoplay; fullscreen\" frameborder=\"0\" width=\"640\" height=\"360\"><\/iframe><\/center><\/p>\n<\/div><\/div>","protected":false},"excerpt":{"rendered":"<p>Um grupo formado por agricultores e empreendedores dos munic\u00edpios de Rolante e Riozinho participou nesta semana, dias 24, 25 e 26 da segunda etapa do Programa de Turismo Rural do Senar, qualifica\u00e7\u00e3o que visa identificar e implantar neg\u00f3cios de turismo rural. O Programa iniciou com reuni\u00e3o de sensibiliza\u00e7\u00e3o realizada no m\u00eas de abril, oportunidade onde [&hellip;]<\/p>\n","protected":false},"author":4,"featured_media":22974,"comment_status":"open","ping_status":"open","sticky":false,"template":"","format":"standard","meta":{"footnotes":""},"categories":[1],"tags":[],"class_list":["post-22973","post","type-post","status-publish","format-standard","has-post-thumbnail","hentry","category-sem-categoria"],"_links":{"self":[{"href":"https:\/\/sol.fm.br\/radio\/wp-json\/wp\/v2\/posts\/22973","targetHints":{"allow":["GET"]}}],"collection":[{"href":"https:\/\/sol.fm.br\/radio\/wp-json\/wp\/v2\/posts"}],"about":[{"href":"https:\/\/sol.fm.br\/radio\/wp-json\/wp\/v2\/types\/post"}],"author":[{"embeddable":true,"href":"https:\/\/sol.fm.br\/radio\/wp-json\/wp\/v2\/users\/4"}],"replies":[{"embeddable":true,"href":"https:\/\/sol.fm.br\/radio\/wp-json\/wp\/v2\/comments?post=22973"}],"version-history":[{"count":1,"href":"https:\/\/sol.fm.br\/radio\/wp-json\/wp\/v2\/posts\/22973\/revisions"}],"predecessor-version":[{"id":22976,"href":"https:\/\/sol.fm.br\/radio\/wp-json\/wp\/v2\/posts\/22973\/revisions\/22976"}],"wp:featuredmedia":[{"embeddable":true,"href":"https:\/\/sol.fm.br\/radio\/wp-json\/wp\/v2\/media\/22974"}],"wp:attachment":[{"href":"https:\/\/sol.fm.br\/radio\/wp-json\/wp\/v2\/media?parent=22973"}],"wp:term":[{"taxonomy":"category","embeddable":true,"href":"https:\/\/sol.fm.br\/radio\/wp-json\/wp\/v2\/categories?post=22973"},{"taxonomy":"post_tag","embeddable":true,"href":"https:\/\/sol.fm.br\/radio\/wp-json\/wp\/v2\/tags?post=22973"}],"curies":[{"name":"wp","href":"https:\/\/api.w.org\/{rel}","templated":true}]}}