{"id":23287,"date":"2019-07-15T13:55:09","date_gmt":"2019-07-15T16:55:09","guid":{"rendered":"http:\/\/sol.fm.br\/radio\/?p=23287"},"modified":"2019-07-15T13:55:09","modified_gmt":"2019-07-15T16:55:09","slug":"carne-de-frango-exportacoes-totais-crescem-64-em-junho","status":"publish","type":"post","link":"https:\/\/sol.fm.br\/radio\/carne-de-frango-exportacoes-totais-crescem-64-em-junho\/","title":{"rendered":"Carne de Frango - Exporta\u00e7\u00f5es totais crescem 64% em junho"},"content":{"rendered":"<div id=\"dslc-theme-content\"><div id=\"dslc-theme-content-inner\"><p><em>Receita cambial aumentou 76,6% no m\u00eas<\/em><\/p>\n<p>As exporta\u00e7\u00f5es brasileiras de carne de frango (considerando todos os produtos, entre in natura e especializados) totalizaram 386,2 mil toneladas em junho, informa a Associa\u00e7\u00e3o Brasileira de Prote\u00edna Animal (ABPA). O n\u00famero \u00e9 64% superior ao registrado no mesmo per\u00edodo do ano passado, quando foram embarcadas 235,4 mil toneladas.<\/p>\n<p>Em receita, houve eleva\u00e7\u00e3o de 76,6%, com saldo total de US$ 639,6 milh\u00f5es de toneladas no sexto m\u00eas deste ano, contra US$ 362,2 milh\u00f5es realizados em junho de 2018.<\/p>\n<p>No semestre, o desempenho setorial das exporta\u00e7\u00f5es alcan\u00e7ou alta de 11,4%, com 2,045 milh\u00f5es de toneladas exportadas em 2019, contra 1,836 milh\u00e3o de toneladas efetivadas no ano passado.<\/p>\n<p>Em receita, a alta chegou a 14,9%. Nos seis primeiros meses deste ano foram realizados US$ 3,406 bilh\u00f5es em vendas, contra US$ 2,964 bilh\u00f5es em 2018.<\/p>\n<p>\u201cHouve eleva\u00e7\u00e3o nas compras de quase todos os grandes importadores, o que gerou uma corrente positiva de exporta\u00e7\u00f5es. O contexto internacional de alta demanda por prote\u00edna \u00e9 sentido nos mais diversos mercados\u201d, analisa Francisco Turra, presidente da ABPA.<\/p>\n<p>A China, principal destino das exporta\u00e7\u00f5es brasileiras, incrementou suas compras em 22,6% entre janeiro e junho deste ano na compara\u00e7\u00e3o com o mesmo per\u00edodo do ano passado, totalizando 257,9 mil toneladas.<\/p>\n<p>A Uni\u00e3o Europeia elevou suas compras em 21%, chegando a 129,9 mil toneladas no primeiro semestre. Os Emirados \u00c1rabes Unidos elevaram suas compras em 35,7%, chegando a 192 mil toneladas no mesmo per\u00edodo.<\/p>\n<p>\u201cOs mercados \u00e1rabes v\u00eam mantendo bom fluxo de importa\u00e7\u00e3o de produtos, com s\u00f3lido crescimento nas vendas para os Emirados \u00c1rabes Unidos\u201d, analisa Ricardo Santin, diretor-executivo da ABPA.<\/p>\n<h6><strong> Julian de Souza <\/strong><br \/>\n<strong>Jornalista<\/strong><\/h6>\n<p><center><iframe loading=\"lazy\" src=\"https:\/\/player.jmvstream.com\/fHPLBpjjf9XKtUAcityAS4ACnPNQ72\" allowfullscreen allow=\"autoplay; fullscreen\" frameborder=\"0\" width=\"640\" height=\"360\"><\/iframe><\/center><\/p>\n<\/div><\/div>","protected":false},"excerpt":{"rendered":"<p>Receita cambial aumentou 76,6% no m\u00eas As exporta\u00e7\u00f5es brasileiras de carne de frango (considerando todos os produtos, entre in natura e especializados) totalizaram 386,2 mil toneladas em junho, informa a Associa\u00e7\u00e3o Brasileira de Prote\u00edna Animal (ABPA). O n\u00famero \u00e9 64% superior ao registrado no mesmo per\u00edodo do ano passado, quando foram embarcadas 235,4 mil toneladas. [&hellip;]<\/p>\n","protected":false},"author":4,"featured_media":23232,"comment_status":"open","ping_status":"open","sticky":false,"template":"","format":"standard","meta":{"footnotes":""},"categories":[1],"tags":[],"class_list":["post-23287","post","type-post","status-publish","format-standard","has-post-thumbnail","hentry","category-sem-categoria"],"_links":{"self":[{"href":"https:\/\/sol.fm.br\/radio\/wp-json\/wp\/v2\/posts\/23287","targetHints":{"allow":["GET"]}}],"collection":[{"href":"https:\/\/sol.fm.br\/radio\/wp-json\/wp\/v2\/posts"}],"about":[{"href":"https:\/\/sol.fm.br\/radio\/wp-json\/wp\/v2\/types\/post"}],"author":[{"embeddable":true,"href":"https:\/\/sol.fm.br\/radio\/wp-json\/wp\/v2\/users\/4"}],"replies":[{"embeddable":true,"href":"https:\/\/sol.fm.br\/radio\/wp-json\/wp\/v2\/comments?post=23287"}],"version-history":[{"count":1,"href":"https:\/\/sol.fm.br\/radio\/wp-json\/wp\/v2\/posts\/23287\/revisions"}],"predecessor-version":[{"id":23288,"href":"https:\/\/sol.fm.br\/radio\/wp-json\/wp\/v2\/posts\/23287\/revisions\/23288"}],"wp:featuredmedia":[{"embeddable":true,"href":"https:\/\/sol.fm.br\/radio\/wp-json\/wp\/v2\/media\/23232"}],"wp:attachment":[{"href":"https:\/\/sol.fm.br\/radio\/wp-json\/wp\/v2\/media?parent=23287"}],"wp:term":[{"taxonomy":"category","embeddable":true,"href":"https:\/\/sol.fm.br\/radio\/wp-json\/wp\/v2\/categories?post=23287"},{"taxonomy":"post_tag","embeddable":true,"href":"https:\/\/sol.fm.br\/radio\/wp-json\/wp\/v2\/tags?post=23287"}],"curies":[{"name":"wp","href":"https:\/\/api.w.org\/{rel}","templated":true}]}}