{"id":23321,"date":"2019-07-17T09:05:16","date_gmt":"2019-07-17T12:05:16","guid":{"rendered":"http:\/\/sol.fm.br\/radio\/?p=23321"},"modified":"2019-07-17T09:05:16","modified_gmt":"2019-07-17T12:05:16","slug":"amanhecer-frio-traz-geada-ao-estado","status":"publish","type":"post","link":"https:\/\/sol.fm.br\/radio\/amanhecer-frio-traz-geada-ao-estado\/","title":{"rendered":"Amanhecer frio traz geada ao estado"},"content":{"rendered":"<div id=\"dslc-theme-content\"><div id=\"dslc-theme-content-inner\"><p>Nesta quarta-feira, 17 de julho, o amanhecer ser\u00e1 frio mais uma vez em quase todas as regi\u00f5es do Rio Grande do Sul. A geada predomina nestas \u00e1reas, podendo ser mais forte conforme a localidade. O nevoeiro tamb\u00e9m ser\u00e1 denso em v\u00e1rios pontos do Estado, especialmente no Centro, do Leste e do Sul ga\u00facho.<\/p>\n<p>Conforme informa\u00e7\u00f5es sobre a meteorologia, algumas \u00e1reas com nevoeiro mais denso poder\u00e3o ter chuvas fracas. Ap\u00f3s dissipada a neblina, sol predomina ao longo de todo o dia. A tarde ter\u00e1 temperatura agrad\u00e1vel em quase todo o Estado.<\/p>\n<p><center><iframe loading=\"lazy\" src=\"https:\/\/player.jmvstream.com\/fHPLBpjjf9XKtUAcityAS4ACnPNQ72\" allowfullscreen allow=\"autoplay; fullscreen\" frameborder=\"0\" width=\"640\" height=\"360\"><\/iframe><\/center><\/p>\n<\/div><\/div>","protected":false},"excerpt":{"rendered":"<p>Nesta quarta-feira, 17 de julho, o amanhecer ser\u00e1 frio mais uma vez em quase todas as regi\u00f5es do Rio Grande do Sul. A geada predomina nestas \u00e1reas, podendo ser mais forte conforme a localidade. O nevoeiro tamb\u00e9m ser\u00e1 denso em v\u00e1rios pontos do Estado, especialmente no Centro, do Leste e do Sul ga\u00facho. Conforme informa\u00e7\u00f5es [&hellip;]<\/p>\n","protected":false},"author":4,"featured_media":23322,"comment_status":"open","ping_status":"open","sticky":false,"template":"","format":"standard","meta":{"footnotes":""},"categories":[1],"tags":[],"class_list":["post-23321","post","type-post","status-publish","format-standard","has-post-thumbnail","hentry","category-sem-categoria"],"_links":{"self":[{"href":"https:\/\/sol.fm.br\/radio\/wp-json\/wp\/v2\/posts\/23321","targetHints":{"allow":["GET"]}}],"collection":[{"href":"https:\/\/sol.fm.br\/radio\/wp-json\/wp\/v2\/posts"}],"about":[{"href":"https:\/\/sol.fm.br\/radio\/wp-json\/wp\/v2\/types\/post"}],"author":[{"embeddable":true,"href":"https:\/\/sol.fm.br\/radio\/wp-json\/wp\/v2\/users\/4"}],"replies":[{"embeddable":true,"href":"https:\/\/sol.fm.br\/radio\/wp-json\/wp\/v2\/comments?post=23321"}],"version-history":[{"count":1,"href":"https:\/\/sol.fm.br\/radio\/wp-json\/wp\/v2\/posts\/23321\/revisions"}],"predecessor-version":[{"id":23323,"href":"https:\/\/sol.fm.br\/radio\/wp-json\/wp\/v2\/posts\/23321\/revisions\/23323"}],"wp:featuredmedia":[{"embeddable":true,"href":"https:\/\/sol.fm.br\/radio\/wp-json\/wp\/v2\/media\/23322"}],"wp:attachment":[{"href":"https:\/\/sol.fm.br\/radio\/wp-json\/wp\/v2\/media?parent=23321"}],"wp:term":[{"taxonomy":"category","embeddable":true,"href":"https:\/\/sol.fm.br\/radio\/wp-json\/wp\/v2\/categories?post=23321"},{"taxonomy":"post_tag","embeddable":true,"href":"https:\/\/sol.fm.br\/radio\/wp-json\/wp\/v2\/tags?post=23321"}],"curies":[{"name":"wp","href":"https:\/\/api.w.org\/{rel}","templated":true}]}}