{"id":23324,"date":"2019-07-17T09:10:21","date_gmt":"2019-07-17T12:10:21","guid":{"rendered":"http:\/\/sol.fm.br\/radio\/?p=23324"},"modified":"2019-07-17T09:10:21","modified_gmt":"2019-07-17T12:10:21","slug":"venancio-aires-recebe-palestra-sobre-os-manejos-em-urgencias-cardiovasculares","status":"publish","type":"post","link":"https:\/\/sol.fm.br\/radio\/venancio-aires-recebe-palestra-sobre-os-manejos-em-urgencias-cardiovasculares\/","title":{"rendered":"Ven\u00e2ncio Aires recebe palestra sobre os manejos em urg\u00eancias cardiovasculares"},"content":{"rendered":"<div id=\"dslc-theme-content\"><div id=\"dslc-theme-content-inner\"><p><em>Caravana AMRIGS chega \u00e0 cidade na sexta-feira (19\/07) \u00e0s 19h30min<\/em><\/p>\n<p>A Associa\u00e7\u00e3o M\u00e9dica do Rio Grande do Sul (AMRIGS) promove mais uma edi\u00e7\u00e3o da Caravana AMRIGS em Ven\u00e2ncio Aires. A palestra acontece na noite de sexta-feira (19\/07) no Audit\u00f3rio da Unimed (Rua Tiradentes, 890 - 7\u00b0 andar), a partir das 19h30min.<\/p>\n<p>O evento ser\u00e1 dividido em dois momentos. No primeiro, a m\u00e9dica cardiologista e coordenadora do CARDIOPUC - Servi\u00e7o de Emerg\u00eancia Cardiovascular da Pontif\u00edcia Universidade Cat\u00f3lica do Rio Grande do Sul (PUCRS), Maria Cl\u00e1udia Guterres da Costa, tratar\u00e1 do reconhecimento e as a\u00e7\u00f5es de manejo das principais urg\u00eancias cardiovasculares.<\/p>\n<p>- As doen\u00e7as cardiovasculares ainda s\u00e3o a maior causa de mortalidade mundial. Embasado por estudos recentes, in\u00fameras estrat\u00e9gias diagn\u00f3sticas e terap\u00eauticas t\u00eam sido propostas para mudar esse cen\u00e1rio - salientou a m\u00e9dica.<\/p>\n<p>Segundo ela, a dor tor\u00e1cica e a dispneia s\u00e3o as queixas cardiovasculares mais prevalentes numa emerg\u00eancia e, ao identific\u00e1-las, \u00e9 poss\u00edvel antecipar os tratamentos e mudar o progn\u00f3stico dos pacientes.<\/p>\n<p>O outro palestrante ser\u00e1 o m\u00e9dico-cirurgi\u00e3o geral e presidente do Conselho Regional de Medicina do Rio Grande do Sul (CREMERS), Eduardo Trindade, que abordar\u00e1 o papel do CREMERS e demais entidades m\u00e9dicas na defesa do bom exerc\u00edcio profissional da medicina.<\/p>\n<p>O evento \u00e9 gratuito e n\u00e3o h\u00e1 necessidade de inscri\u00e7\u00e3o pr\u00e9via. Mais informa\u00e7\u00f5es podem ser obtidas atrav\u00e9s do telefone (51) 99972-3429.<\/p>\n<p>A iniciativa \u00e9 da Associa\u00e7\u00e3o M\u00e9dica do Rio Grande do Sul (AMRIGS) com apoio do Conselho Regional de Medicina do Rio Grande do Sul (CREMERS).<\/p>\n<h6><strong>Reda\u00e7\u00e3o: V\u00edtor Figueir\u00f3<\/strong><br \/>\n<strong>Coordena\u00e7\u00e3o: Marcelo Matusiak<\/strong><\/h6>\n<p><center><iframe loading=\"lazy\" src=\"https:\/\/player.jmvstream.com\/fHPLBpjjf9XKtUAcityAS4ACnPNQ72\" allowfullscreen allow=\"autoplay; fullscreen\" frameborder=\"0\" width=\"640\" height=\"360\"><\/iframe><\/center><\/p>\n<\/div><\/div>","protected":false},"excerpt":{"rendered":"<p>Caravana AMRIGS chega \u00e0 cidade na sexta-feira (19\/07) \u00e0s 19h30min A Associa\u00e7\u00e3o M\u00e9dica do Rio Grande do Sul (AMRIGS) promove mais uma edi\u00e7\u00e3o da Caravana AMRIGS em Ven\u00e2ncio Aires. A palestra acontece na noite de sexta-feira (19\/07) no Audit\u00f3rio da Unimed (Rua Tiradentes, 890 - 7\u00b0 andar), a partir das 19h30min. O evento ser\u00e1 dividido [&hellip;]<\/p>\n","protected":false},"author":4,"featured_media":23325,"comment_status":"open","ping_status":"open","sticky":false,"template":"","format":"standard","meta":{"footnotes":""},"categories":[1],"tags":[],"class_list":["post-23324","post","type-post","status-publish","format-standard","has-post-thumbnail","hentry","category-sem-categoria"],"_links":{"self":[{"href":"https:\/\/sol.fm.br\/radio\/wp-json\/wp\/v2\/posts\/23324","targetHints":{"allow":["GET"]}}],"collection":[{"href":"https:\/\/sol.fm.br\/radio\/wp-json\/wp\/v2\/posts"}],"about":[{"href":"https:\/\/sol.fm.br\/radio\/wp-json\/wp\/v2\/types\/post"}],"author":[{"embeddable":true,"href":"https:\/\/sol.fm.br\/radio\/wp-json\/wp\/v2\/users\/4"}],"replies":[{"embeddable":true,"href":"https:\/\/sol.fm.br\/radio\/wp-json\/wp\/v2\/comments?post=23324"}],"version-history":[{"count":1,"href":"https:\/\/sol.fm.br\/radio\/wp-json\/wp\/v2\/posts\/23324\/revisions"}],"predecessor-version":[{"id":23326,"href":"https:\/\/sol.fm.br\/radio\/wp-json\/wp\/v2\/posts\/23324\/revisions\/23326"}],"wp:featuredmedia":[{"embeddable":true,"href":"https:\/\/sol.fm.br\/radio\/wp-json\/wp\/v2\/media\/23325"}],"wp:attachment":[{"href":"https:\/\/sol.fm.br\/radio\/wp-json\/wp\/v2\/media?parent=23324"}],"wp:term":[{"taxonomy":"category","embeddable":true,"href":"https:\/\/sol.fm.br\/radio\/wp-json\/wp\/v2\/categories?post=23324"},{"taxonomy":"post_tag","embeddable":true,"href":"https:\/\/sol.fm.br\/radio\/wp-json\/wp\/v2\/tags?post=23324"}],"curies":[{"name":"wp","href":"https:\/\/api.w.org\/{rel}","templated":true}]}}