{"id":23330,"date":"2019-07-17T09:17:07","date_gmt":"2019-07-17T12:17:07","guid":{"rendered":"http:\/\/sol.fm.br\/radio\/?p=23330"},"modified":"2019-07-17T09:17:07","modified_gmt":"2019-07-17T12:17:07","slug":"estrada-de-linha-cafe-esta-sendo-calcada","status":"publish","type":"post","link":"https:\/\/sol.fm.br\/radio\/estrada-de-linha-cafe-esta-sendo-calcada\/","title":{"rendered":"Estrada de Linha Caf\u00e9 est\u00e1 sendo cal\u00e7ada"},"content":{"rendered":"<div id=\"dslc-theme-content\"><div id=\"dslc-theme-content-inner\"><p>A Prefeitura de Tr\u00eas Coroas est\u00e1 dando continuidade aos trabalhos de manuten\u00e7\u00e3o e cal\u00e7amento das vias do munic\u00edpio.<\/p>\n<p>Desde a semana passada oper\u00e1rios est\u00e3o trabalhando no cal\u00e7amento de uma estrada que liga a Rua Brasil \u00e0 Rua Kaiser, no Bairro Linha Caf\u00e9.<\/p>\n<p>A via \u00e9 muito utilizada pela comunidade e tamb\u00e9m por turistas, pois nas proximidades existem alguns campings de lazer. A obra \u00e9 uma antiga reivindica\u00e7\u00e3o dos moradores, que sofriam por causa do excesso de poeira.<\/p>\n<p>No local est\u00e3o sendo colocados aproximadamente 800 metros lineares de paralelep\u00edpedos, al\u00e9m de cord\u00f5es de meio fio.<\/p>\n<h6><strong>Foto: Diego Land.<\/strong><\/h6>\n<h6><strong>Diego Land<\/strong><br \/>\n<strong>Assessoria de Imprensa \/\u00a0Munic\u00edpio de Tr\u00eas Coroas-RS<\/strong><\/h6>\n<p><center><iframe loading=\"lazy\" src=\"https:\/\/player.jmvstream.com\/fHPLBpjjf9XKtUAcityAS4ACnPNQ72\" allowfullscreen allow=\"autoplay; fullscreen\" frameborder=\"0\" width=\"640\" height=\"360\"><\/iframe><\/center><\/p>\n<\/div><\/div>","protected":false},"excerpt":{"rendered":"<p>A Prefeitura de Tr\u00eas Coroas est\u00e1 dando continuidade aos trabalhos de manuten\u00e7\u00e3o e cal\u00e7amento das vias do munic\u00edpio. Desde a semana passada oper\u00e1rios est\u00e3o trabalhando no cal\u00e7amento de uma estrada que liga a Rua Brasil \u00e0 Rua Kaiser, no Bairro Linha Caf\u00e9. A via \u00e9 muito utilizada pela comunidade e tamb\u00e9m por turistas, pois nas [&hellip;]<\/p>\n","protected":false},"author":4,"featured_media":23331,"comment_status":"open","ping_status":"open","sticky":false,"template":"","format":"standard","meta":{"footnotes":""},"categories":[1],"tags":[],"class_list":["post-23330","post","type-post","status-publish","format-standard","has-post-thumbnail","hentry","category-sem-categoria"],"_links":{"self":[{"href":"https:\/\/sol.fm.br\/radio\/wp-json\/wp\/v2\/posts\/23330","targetHints":{"allow":["GET"]}}],"collection":[{"href":"https:\/\/sol.fm.br\/radio\/wp-json\/wp\/v2\/posts"}],"about":[{"href":"https:\/\/sol.fm.br\/radio\/wp-json\/wp\/v2\/types\/post"}],"author":[{"embeddable":true,"href":"https:\/\/sol.fm.br\/radio\/wp-json\/wp\/v2\/users\/4"}],"replies":[{"embeddable":true,"href":"https:\/\/sol.fm.br\/radio\/wp-json\/wp\/v2\/comments?post=23330"}],"version-history":[{"count":1,"href":"https:\/\/sol.fm.br\/radio\/wp-json\/wp\/v2\/posts\/23330\/revisions"}],"predecessor-version":[{"id":23332,"href":"https:\/\/sol.fm.br\/radio\/wp-json\/wp\/v2\/posts\/23330\/revisions\/23332"}],"wp:featuredmedia":[{"embeddable":true,"href":"https:\/\/sol.fm.br\/radio\/wp-json\/wp\/v2\/media\/23331"}],"wp:attachment":[{"href":"https:\/\/sol.fm.br\/radio\/wp-json\/wp\/v2\/media?parent=23330"}],"wp:term":[{"taxonomy":"category","embeddable":true,"href":"https:\/\/sol.fm.br\/radio\/wp-json\/wp\/v2\/categories?post=23330"},{"taxonomy":"post_tag","embeddable":true,"href":"https:\/\/sol.fm.br\/radio\/wp-json\/wp\/v2\/tags?post=23330"}],"curies":[{"name":"wp","href":"https:\/\/api.w.org\/{rel}","templated":true}]}}