{"id":23333,"date":"2019-07-17T09:22:55","date_gmt":"2019-07-17T12:22:55","guid":{"rendered":"http:\/\/sol.fm.br\/radio\/?p=23333"},"modified":"2019-07-17T09:22:55","modified_gmt":"2019-07-17T12:22:55","slug":"municipio-recebera-r-300-mil-para-agricultura","status":"publish","type":"post","link":"https:\/\/sol.fm.br\/radio\/municipio-recebera-r-300-mil-para-agricultura\/","title":{"rendered":"Munic\u00edpio receber\u00e1 R$ 300 mil para Agricultura"},"content":{"rendered":"<div id=\"dslc-theme-content\"><div id=\"dslc-theme-content-inner\"><p>O prefeito Dai\u00e7on Maciel da Silva recebeu na tarde dessa segunda-feira (15\/07) a visita do ex-vereador Marlon Rafaelli, que \u00e9 assessor do Deputado Federal Nereu Crispim. Ele veio comunicar a destina\u00e7\u00e3o de R$ 300 mil para Santo Ant\u00f4nio da Patrulha, atrav\u00e9s do Gabinete do deputado.<\/p>\n<p>Acompanhado do presidente do Legislativo, Rodrigo Massulo e demais integrantes da bancada do PP, o ex-vereador tamb\u00e9m destacou a import\u00e2ncia da presen\u00e7a de representantes do munic\u00edpio em Bras\u00edlia para buscar outros pleitos junto aos deputados.<\/p>\n<p>\u201cA articula\u00e7\u00e3o para a vinda deste recurso iniciou no m\u00eas passado e ele servir\u00e1 para a compra de um caminh\u00e3o-ca\u00e7amba para a Secretaria de Agricultura. Agradecemos \u00e0 Secretaria de Planejamento pelo r\u00e1pido cadastro feito quando do an\u00fancio, no m\u00eas passado\u201d, disse Massulo.<\/p>\n<p>O prefeito agradeceu o empenho que os vereadores est\u00e3o fazendo nesta capta\u00e7\u00e3o de recursos. Ele diz que esta uni\u00e3o de esfor\u00e7os \u00e9 muito importante para que as conquistas para o munic\u00edpio se efetivem.<\/p>\n<p>Tamb\u00e9m participaram do encontro, o vice-prefeito Jos\u00e9 Francisco Ferreira da Luz, do secret\u00e1rio municipal da Agricultura e Meio Ambiente, Batista Adam e o presidente da ACISAP, Marcione Gomes.<\/p>\n<h6><strong>Viviani Silveira <\/strong><\/h6>\n<h6><strong>Assessoria de Comunica\u00e7\u00e3o Social \/ Prefeitura de Sto Ant\u00f4nio da Patrulha<\/strong><\/h6>\n<p><center><iframe loading=\"lazy\" src=\"https:\/\/player.jmvstream.com\/fHPLBpjjf9XKtUAcityAS4ACnPNQ72\" allowfullscreen allow=\"autoplay; fullscreen\" frameborder=\"0\" width=\"640\" height=\"360\"><\/iframe><\/center><\/p>\n<\/div><\/div>","protected":false},"excerpt":{"rendered":"<p>O prefeito Dai\u00e7on Maciel da Silva recebeu na tarde dessa segunda-feira (15\/07) a visita do ex-vereador Marlon Rafaelli, que \u00e9 assessor do Deputado Federal Nereu Crispim. Ele veio comunicar a destina\u00e7\u00e3o de R$ 300 mil para Santo Ant\u00f4nio da Patrulha, atrav\u00e9s do Gabinete do deputado. Acompanhado do presidente do Legislativo, Rodrigo Massulo e demais integrantes [&hellip;]<\/p>\n","protected":false},"author":4,"featured_media":23334,"comment_status":"open","ping_status":"open","sticky":false,"template":"","format":"standard","meta":{"footnotes":""},"categories":[1],"tags":[],"class_list":["post-23333","post","type-post","status-publish","format-standard","has-post-thumbnail","hentry","category-sem-categoria"],"_links":{"self":[{"href":"https:\/\/sol.fm.br\/radio\/wp-json\/wp\/v2\/posts\/23333","targetHints":{"allow":["GET"]}}],"collection":[{"href":"https:\/\/sol.fm.br\/radio\/wp-json\/wp\/v2\/posts"}],"about":[{"href":"https:\/\/sol.fm.br\/radio\/wp-json\/wp\/v2\/types\/post"}],"author":[{"embeddable":true,"href":"https:\/\/sol.fm.br\/radio\/wp-json\/wp\/v2\/users\/4"}],"replies":[{"embeddable":true,"href":"https:\/\/sol.fm.br\/radio\/wp-json\/wp\/v2\/comments?post=23333"}],"version-history":[{"count":1,"href":"https:\/\/sol.fm.br\/radio\/wp-json\/wp\/v2\/posts\/23333\/revisions"}],"predecessor-version":[{"id":23335,"href":"https:\/\/sol.fm.br\/radio\/wp-json\/wp\/v2\/posts\/23333\/revisions\/23335"}],"wp:featuredmedia":[{"embeddable":true,"href":"https:\/\/sol.fm.br\/radio\/wp-json\/wp\/v2\/media\/23334"}],"wp:attachment":[{"href":"https:\/\/sol.fm.br\/radio\/wp-json\/wp\/v2\/media?parent=23333"}],"wp:term":[{"taxonomy":"category","embeddable":true,"href":"https:\/\/sol.fm.br\/radio\/wp-json\/wp\/v2\/categories?post=23333"},{"taxonomy":"post_tag","embeddable":true,"href":"https:\/\/sol.fm.br\/radio\/wp-json\/wp\/v2\/tags?post=23333"}],"curies":[{"name":"wp","href":"https:\/\/api.w.org\/{rel}","templated":true}]}}