{"id":23336,"date":"2019-07-17T09:38:00","date_gmt":"2019-07-17T12:38:00","guid":{"rendered":"http:\/\/sol.fm.br\/radio\/?p=23336"},"modified":"2019-07-17T09:38:00","modified_gmt":"2019-07-17T12:38:00","slug":"claudia-raia-passa-por-momento-de-tensao-durante-viagem","status":"publish","type":"post","link":"https:\/\/sol.fm.br\/radio\/claudia-raia-passa-por-momento-de-tensao-durante-viagem\/","title":{"rendered":"Claudia Raia passa por momento de tens\u00e3o durante viagem"},"content":{"rendered":"<div id=\"dslc-theme-content\"><div id=\"dslc-theme-content-inner\"><p>A atriz Claudia Raia viajou com uma amiga especial, a atriz Fernanda Souza, esposa do cantor Thiaguinho. A rela\u00e7\u00e3o das duas, de \u2018m\u00e3e e filha\u2019, encanta os internautas, com tamanha admira\u00e7\u00e3o e considera\u00e7\u00e3o, que uma tem pela outra.<\/p>\n<p><img loading=\"lazy\" decoding=\"async\" class=\"size-medium wp-image-23337 alignleft\" src=\"http:\/\/sol.fm.br\/radio\/wp-content\/uploads\/2019\/07\/mkiolpok-381x400.jpg\" alt=\"\" width=\"381\" height=\"400\" srcset=\"https:\/\/sol.fm.br\/radio\/wp-content\/uploads\/2019\/07\/mkiolpok-381x400.jpg 381w, https:\/\/sol.fm.br\/radio\/wp-content\/uploads\/2019\/07\/mkiolpok.jpg 412w\" sizes=\"auto, (max-width: 381px) 100vw, 381px\" \/>Durante passagem pelo exterior, a famosa teve que se submeter a uma experi\u00eancia, que a mesma diz ter sido incr\u00edvel. Claudia provou diversos pratos, vendada, sem ver o que era, tentando descobrir apenas pelo paladar.<\/p>\n<p>A beldade compartilhou cenas do ocorrido com os seus seguidores, na conta oficial do Instagram e disse: \u201cRecentemente passei por uma das experi\u00eancias mais incr\u00edveis da minha vida, um momento pra cuida da alma, sabe?! Isso s\u00f3 foi poss\u00edvel pq a equipe linda do\u2026.[empresa] estava l\u00e1. A experi\u00eancia que eu mais amei foi o jantar com os olhos vendados para ativar todos os nossos sentidos\u2026 Foi um verdadeiro RECONNECT, extraordin\u00e1rio!!! Eu e minha filhota [Fernanda Souza] estamos t\u00e3o A-P-A-I-X-O-N-A-D-A-S e n\u00e3o vemos a hora de voltar!.\u201d<\/p>\n<h6><strong>Fotos: Instagram<\/strong><\/h6>\n<p><center><iframe loading=\"lazy\" src=\"https:\/\/player.jmvstream.com\/fHPLBpjjf9XKtUAcityAS4ACnPNQ72\" allowfullscreen allow=\"autoplay; fullscreen\" frameborder=\"0\" width=\"640\" height=\"360\"><\/iframe><\/center><\/p>\n<\/div><\/div>","protected":false},"excerpt":{"rendered":"<p>A atriz Claudia Raia viajou com uma amiga especial, a atriz Fernanda Souza, esposa do cantor Thiaguinho. A rela\u00e7\u00e3o das duas, de \u2018m\u00e3e e filha\u2019, encanta os internautas, com tamanha admira\u00e7\u00e3o e considera\u00e7\u00e3o, que uma tem pela outra. Durante passagem pelo exterior, a famosa teve que se submeter a uma experi\u00eancia, que a mesma diz [&hellip;]<\/p>\n","protected":false},"author":4,"featured_media":23338,"comment_status":"open","ping_status":"open","sticky":false,"template":"","format":"standard","meta":{"footnotes":""},"categories":[1],"tags":[],"class_list":["post-23336","post","type-post","status-publish","format-standard","has-post-thumbnail","hentry","category-sem-categoria"],"_links":{"self":[{"href":"https:\/\/sol.fm.br\/radio\/wp-json\/wp\/v2\/posts\/23336","targetHints":{"allow":["GET"]}}],"collection":[{"href":"https:\/\/sol.fm.br\/radio\/wp-json\/wp\/v2\/posts"}],"about":[{"href":"https:\/\/sol.fm.br\/radio\/wp-json\/wp\/v2\/types\/post"}],"author":[{"embeddable":true,"href":"https:\/\/sol.fm.br\/radio\/wp-json\/wp\/v2\/users\/4"}],"replies":[{"embeddable":true,"href":"https:\/\/sol.fm.br\/radio\/wp-json\/wp\/v2\/comments?post=23336"}],"version-history":[{"count":1,"href":"https:\/\/sol.fm.br\/radio\/wp-json\/wp\/v2\/posts\/23336\/revisions"}],"predecessor-version":[{"id":23339,"href":"https:\/\/sol.fm.br\/radio\/wp-json\/wp\/v2\/posts\/23336\/revisions\/23339"}],"wp:featuredmedia":[{"embeddable":true,"href":"https:\/\/sol.fm.br\/radio\/wp-json\/wp\/v2\/media\/23338"}],"wp:attachment":[{"href":"https:\/\/sol.fm.br\/radio\/wp-json\/wp\/v2\/media?parent=23336"}],"wp:term":[{"taxonomy":"category","embeddable":true,"href":"https:\/\/sol.fm.br\/radio\/wp-json\/wp\/v2\/categories?post=23336"},{"taxonomy":"post_tag","embeddable":true,"href":"https:\/\/sol.fm.br\/radio\/wp-json\/wp\/v2\/tags?post=23336"}],"curies":[{"name":"wp","href":"https:\/\/api.w.org\/{rel}","templated":true}]}}