{"id":23340,"date":"2019-07-17T09:45:01","date_gmt":"2019-07-17T12:45:01","guid":{"rendered":"http:\/\/sol.fm.br\/radio\/?p=23340"},"modified":"2019-07-17T09:45:01","modified_gmt":"2019-07-17T12:45:01","slug":"jorge-da-dupla-com-mateus-e-vitima-de-golpe","status":"publish","type":"post","link":"https:\/\/sol.fm.br\/radio\/jorge-da-dupla-com-mateus-e-vitima-de-golpe\/","title":{"rendered":"Jorge, da dupla com Mateus, \u00e9 v\u00edtima de golpe"},"content":{"rendered":"<div id=\"dslc-theme-content\"><div id=\"dslc-theme-content-inner\"><p>Na noite desta ter\u00e7a-feira, 16 de julho, o cantor sertanejo Jorge, da dupla com Mateus, usou as redes sociais para fazer um verdadeiro desabafo. Ele revelou que est\u00e1 sendo v\u00edtima de um golpe onde pessoas se passam por ele.<\/p>\n<p>Atrav\u00e9s da ferramenta stories de seu Instagram, o m\u00fasico alertou os f\u00e3s e, caso algu\u00e9m no nome dele entrasse em contato, era para ficar esperto: \u201cGalera, ent\u00e3o, queria falar, fiquem espertos a\u00ed. Tem gente que \u00e9 mau-car\u00e1ter, mal-intencionado e ficam usando o nome da gente para conversar com as pessoas. N\u00e3o sou eu. N\u00e3o sei qual \u00e9 a t\u00e9cnica que a pessoa usa a\u00ed, l\u00e1, usa foto. N\u00e3o sou u n\u00e3o. Cuidado voc\u00ea est\u00e1 sendo enganado\u201d.<\/p>\n<p>Em seguida, ele falou do perigo que \u00e9 algu\u00e9m se passando por outra pessoa: \u201cFique esperto, toma cuidado mesmo que isso n\u00e3o \u00e9 brincadeira. Tem gente que se passa por a gente, mas n\u00e3o \u00e9 n\u00e3o. S\u00f3 para deixar claro\u201d.<\/p>\n<h6><strong>Foto: Instagram<\/strong><\/h6>\n<p><center><iframe loading=\"lazy\" src=\"https:\/\/player.jmvstream.com\/fHPLBpjjf9XKtUAcityAS4ACnPNQ72\" allowfullscreen allow=\"autoplay; fullscreen\" frameborder=\"0\" width=\"640\" height=\"360\"><\/iframe><\/center><\/p>\n<\/div><\/div>","protected":false},"excerpt":{"rendered":"<p>Na noite desta ter\u00e7a-feira, 16 de julho, o cantor sertanejo Jorge, da dupla com Mateus, usou as redes sociais para fazer um verdadeiro desabafo. Ele revelou que est\u00e1 sendo v\u00edtima de um golpe onde pessoas se passam por ele. Atrav\u00e9s da ferramenta stories de seu Instagram, o m\u00fasico alertou os f\u00e3s e, caso algu\u00e9m no [&hellip;]<\/p>\n","protected":false},"author":4,"featured_media":23341,"comment_status":"open","ping_status":"open","sticky":false,"template":"","format":"standard","meta":{"footnotes":""},"categories":[1],"tags":[],"class_list":["post-23340","post","type-post","status-publish","format-standard","has-post-thumbnail","hentry","category-sem-categoria"],"_links":{"self":[{"href":"https:\/\/sol.fm.br\/radio\/wp-json\/wp\/v2\/posts\/23340","targetHints":{"allow":["GET"]}}],"collection":[{"href":"https:\/\/sol.fm.br\/radio\/wp-json\/wp\/v2\/posts"}],"about":[{"href":"https:\/\/sol.fm.br\/radio\/wp-json\/wp\/v2\/types\/post"}],"author":[{"embeddable":true,"href":"https:\/\/sol.fm.br\/radio\/wp-json\/wp\/v2\/users\/4"}],"replies":[{"embeddable":true,"href":"https:\/\/sol.fm.br\/radio\/wp-json\/wp\/v2\/comments?post=23340"}],"version-history":[{"count":1,"href":"https:\/\/sol.fm.br\/radio\/wp-json\/wp\/v2\/posts\/23340\/revisions"}],"predecessor-version":[{"id":23342,"href":"https:\/\/sol.fm.br\/radio\/wp-json\/wp\/v2\/posts\/23340\/revisions\/23342"}],"wp:featuredmedia":[{"embeddable":true,"href":"https:\/\/sol.fm.br\/radio\/wp-json\/wp\/v2\/media\/23341"}],"wp:attachment":[{"href":"https:\/\/sol.fm.br\/radio\/wp-json\/wp\/v2\/media?parent=23340"}],"wp:term":[{"taxonomy":"category","embeddable":true,"href":"https:\/\/sol.fm.br\/radio\/wp-json\/wp\/v2\/categories?post=23340"},{"taxonomy":"post_tag","embeddable":true,"href":"https:\/\/sol.fm.br\/radio\/wp-json\/wp\/v2\/tags?post=23340"}],"curies":[{"name":"wp","href":"https:\/\/api.w.org\/{rel}","templated":true}]}}