{"id":23346,"date":"2019-07-17T13:52:39","date_gmt":"2019-07-17T16:52:39","guid":{"rendered":"http:\/\/sol.fm.br\/radio\/?p=23346"},"modified":"2019-07-17T13:52:39","modified_gmt":"2019-07-17T16:52:39","slug":"alunos-da-rede-municipal-de-ensino-de-parobe-assistem-apresentacao-de-projetos-cientificos-sobre-saude","status":"publish","type":"post","link":"https:\/\/sol.fm.br\/radio\/alunos-da-rede-municipal-de-ensino-de-parobe-assistem-apresentacao-de-projetos-cientificos-sobre-saude\/","title":{"rendered":"Alunos da Rede Municipal de Ensino de Parob\u00e9 assistem apresenta\u00e7\u00e3o de Projetos Cient\u00edficos sobre Sa\u00fade"},"content":{"rendered":"<div id=\"dslc-theme-content\"><div id=\"dslc-theme-content-inner\"><p><em>Atividade foi mediada pela Assistente Social Maria In\u00eas da Silva Pacheco e a Psic\u00f3loga Jaqueline Tomedi<\/em><\/p>\n<p>Na manh\u00e3 desta segunda-feira (15), os alunos da Rede Municipal de Ensino reuniram-se nas depend\u00eancias da EMEF Leopoldo Frederico Willers para assistir a apresenta\u00e7\u00e3o dos Projetos Cient\u00edficos Ansiedade, Depress\u00e3o e A Vida dos Idosos. Os projetos foram desenvolvidos pelos alunos da Escola Leopoldo nos anos de 2017 e 2018, os quais atualmente est\u00e3o frequentando o Ensino M\u00e9dio.<\/p>\n<p><img loading=\"lazy\" decoding=\"async\" class=\"size-medium wp-image-23347 alignleft\" src=\"http:\/\/sol.fm.br\/radio\/wp-content\/uploads\/2019\/07\/trdtrdtdytdytcyffgvhjm-400x209.jpg\" alt=\"\" width=\"400\" height=\"209\" srcset=\"https:\/\/sol.fm.br\/radio\/wp-content\/uploads\/2019\/07\/trdtrdtdytdytcyffgvhjm-400x209.jpg 400w, https:\/\/sol.fm.br\/radio\/wp-content\/uploads\/2019\/07\/trdtrdtdytdytcyffgvhjm-768x400.jpg 768w, https:\/\/sol.fm.br\/radio\/wp-content\/uploads\/2019\/07\/trdtrdtdytdytcyffgvhjm.jpg 817w\" sizes=\"auto, (max-width: 400px) 100vw, 400px\" \/>Na oportunidade estavam presentes os estudantes Fernanda Picinini e Iuri Martins, que representaram os demais estudantes dos projetos, acompanhados das professoras orientadoras Katiane PazuchIachinski e Rosangela Bedra.<\/p>\n<p>As tem\u00e1ticas que mobilizaram as discuss\u00f5es foram mediadas pela Assistente Social Maria In\u00eas da Silva Pacheco e pela Psic\u00f3loga Jaqueline Tomedi. A proposta atendeu a demanda apresentada pelos alunos, que est\u00e3o pesquisando estas tem\u00e1ticas e apresentar\u00e3o seus trabalhos na Feira das Escolas Municipais (FEICIPA), que ocorrer\u00e1 no segundo semestre.<\/p>\n<h6><strong>Assessoria de Imprensa | Secretaria de Comunica\u00e7\u00e3o<\/strong><\/h6>\n<p><center><iframe loading=\"lazy\" src=\"https:\/\/player.jmvstream.com\/fHPLBpjjf9XKtUAcityAS4ACnPNQ72\" allowfullscreen allow=\"autoplay; fullscreen\" frameborder=\"0\" width=\"640\" height=\"360\"><\/iframe><\/center><\/p>\n<\/div><\/div>","protected":false},"excerpt":{"rendered":"<p>Atividade foi mediada pela Assistente Social Maria In\u00eas da Silva Pacheco e a Psic\u00f3loga Jaqueline Tomedi Na manh\u00e3 desta segunda-feira (15), os alunos da Rede Municipal de Ensino reuniram-se nas depend\u00eancias da EMEF Leopoldo Frederico Willers para assistir a apresenta\u00e7\u00e3o dos Projetos Cient\u00edficos Ansiedade, Depress\u00e3o e A Vida dos Idosos. Os projetos foram desenvolvidos pelos [&hellip;]<\/p>\n","protected":false},"author":4,"featured_media":23348,"comment_status":"open","ping_status":"open","sticky":false,"template":"","format":"standard","meta":{"footnotes":""},"categories":[1],"tags":[],"class_list":["post-23346","post","type-post","status-publish","format-standard","has-post-thumbnail","hentry","category-sem-categoria"],"_links":{"self":[{"href":"https:\/\/sol.fm.br\/radio\/wp-json\/wp\/v2\/posts\/23346","targetHints":{"allow":["GET"]}}],"collection":[{"href":"https:\/\/sol.fm.br\/radio\/wp-json\/wp\/v2\/posts"}],"about":[{"href":"https:\/\/sol.fm.br\/radio\/wp-json\/wp\/v2\/types\/post"}],"author":[{"embeddable":true,"href":"https:\/\/sol.fm.br\/radio\/wp-json\/wp\/v2\/users\/4"}],"replies":[{"embeddable":true,"href":"https:\/\/sol.fm.br\/radio\/wp-json\/wp\/v2\/comments?post=23346"}],"version-history":[{"count":1,"href":"https:\/\/sol.fm.br\/radio\/wp-json\/wp\/v2\/posts\/23346\/revisions"}],"predecessor-version":[{"id":23349,"href":"https:\/\/sol.fm.br\/radio\/wp-json\/wp\/v2\/posts\/23346\/revisions\/23349"}],"wp:featuredmedia":[{"embeddable":true,"href":"https:\/\/sol.fm.br\/radio\/wp-json\/wp\/v2\/media\/23348"}],"wp:attachment":[{"href":"https:\/\/sol.fm.br\/radio\/wp-json\/wp\/v2\/media?parent=23346"}],"wp:term":[{"taxonomy":"category","embeddable":true,"href":"https:\/\/sol.fm.br\/radio\/wp-json\/wp\/v2\/categories?post=23346"},{"taxonomy":"post_tag","embeddable":true,"href":"https:\/\/sol.fm.br\/radio\/wp-json\/wp\/v2\/tags?post=23346"}],"curies":[{"name":"wp","href":"https:\/\/api.w.org\/{rel}","templated":true}]}}