{"id":23360,"date":"2019-07-18T14:14:29","date_gmt":"2019-07-18T17:14:29","guid":{"rendered":"http:\/\/sol.fm.br\/radio\/?p=23360"},"modified":"2019-07-18T14:14:29","modified_gmt":"2019-07-18T17:14:29","slug":"gremio-vence-o-bahia-na-fonte-nova-lotada-e-vai-as-semifinais-da-copa-do-brasil","status":"publish","type":"post","link":"https:\/\/sol.fm.br\/radio\/gremio-vence-o-bahia-na-fonte-nova-lotada-e-vai-as-semifinais-da-copa-do-brasil\/","title":{"rendered":"Gr\u00eamio vence o Bahia na Fonte Nova lotada e vai \u00e0s semifinais da Copa do Brasil"},"content":{"rendered":"<div id=\"dslc-theme-content\"><div id=\"dslc-theme-content-inner\"><p>Na noite desta quarta-feira, 17 de julho, o Gr\u00eamio fez mais um confronto equilibrado com o Bahia em uma Fonte Nova completamente lotada, com mais de 46 mil pessoas. Dessa vez, o detalhe decidiu em favor do Tricolor ga\u00facho. A vit\u00f3ria por 1 a 0 sobre o time de Roger Machado, garantiu a classifica\u00e7\u00e3o para mais uma semifinal de Copa do Brasil, a 14\u00aa da hist\u00f3ria do Gr\u00eamio.<\/p>\n<p>O \u00fanico gol do jogo foi marcado por Alisson, aos 20 minutos do segundo tempo. O meia ainda fez jogada que resultou em expuls\u00e3o de defensor do Bahia, o que facilitou ainda mais a classifica\u00e7\u00e3o gremista. Agora, o Tricolor enfrentar\u00e1 o Athletico-PR, que superou o Flamengo nos p\u00eanaltis, no Maracan\u00e3.<\/p>\n<p>Renato Portaluppi optou por come\u00e7ar com Andr\u00e9 no comando de ataque, deixando Diego Tardelli no banco. Com Everton, Jean Pyerre e Alisson na meia, o Gr\u00eamio iniciou o duelo ficando com a posse da bola, percorrendo todos os setores do campo defensivo do Bahia, que s\u00f3 se defendeu nos minutos iniciais.<\/p>\n<p>A t\u00f4nica do primeiro jogo se repetiu. Mesmo mantendo a bola - n\u00fameros chegaram pr\u00f3ximo a 80% nos primeiros 20 minutos - o Tricolor ga\u00facho n\u00e3o conseguiu levar perigo \u00e0 defesa do Bahia. N\u00e3o finalizou nem criou chances claras de marcar ao longo de quase toda a etapa inicial.<\/p>\n<p>O Bahia criou boa chance, a primeira do jogo, apenas aos 25 minutos do primeiro tempo. Ap\u00f3s falta levantada na \u00e1rea, Lucas Fonseca pegou o rebote e chutou de primeira, obrigando Paulo Victor a fazer boa defesa. Aos 34, Arthur voltou a levar perigo. J\u00e1 a melhor chance do Gr\u00eamio foi criada por Jean Pyerre e teve conclus\u00e3o de Andr\u00e9, aos 42 do primeiro tempo.<\/p>\n<p>Mais uma vez, o Gr\u00eamio se mostrou dependente de Everton. Mesmo quando as jogadas n\u00e3o terminavam na ponta esquerda, o meia atacante da Sele\u00e7\u00e3o brasileira participava da jogada, ora distribuindo a bola, ora carregando a marca\u00e7\u00e3o. Sobrecarregado, encontrou dificuldades para levar o time \u00e0 frente.<\/p>\n<h3><strong>Alisson decide e leva o Gr\u00eamio \u00e0 semifinal\u00a0<\/strong><\/h3>\n<p>O Gr\u00eamio voltou para a etapa final fazendo aquilo que j\u00e1 havia feito no in\u00edcio do primeiro tempo. Ficou mais tempo com a bola, mas teve dificuldades novamente para conseguir infiltrar na defesa da equipe de Roger Machado.<\/p>\n<p>Aos 20 minutos do segundo tempo, em momento equilibrado do confronto, Alisson come\u00e7ou a decidir a favor do Gr\u00eamio. Matheus Henrique achou o meia livre na direita, e o camisa 23 passou por dois marcadores e, de canhota, finalizou rasteiro para vencer Douglas e abrir o placar na Arena Fonte Nova.<\/p>\n<p>Foi de novo Alisson quem facilitou ainda mais a vida do Gr\u00eamio. Ele arrancou em dire\u00e7\u00e3o ao gol e sofreu falta fora da \u00e1rea, quando sairia cara a cara com Douglas. Inicialmente, \u00e1rbitro Br\u00e1ulio da Silva Machado marcou p\u00eanalti, mas voltou atr\u00e1s e deu falta fora da \u00e1rea, corretamente, ao revisar lance no VAR.<\/p>\n<p>Por conta da jogada, expulsou Mois\u00e9s e deixou o Bahia em desvantagem num\u00e9rica. Com um a mais e a vantagem no marcador, s\u00f3 restou ao Gr\u00eamio gastar o rel\u00f3gio para assegurar a classifica\u00e7\u00e3o \u00e0s semifinais.<\/p>\n<p><center><iframe loading=\"lazy\" src=\"https:\/\/player.jmvstream.com\/fHPLBpjjf9XKtUAcityAS4ACnPNQ72\" allowfullscreen allow=\"autoplay; fullscreen\" frameborder=\"0\" width=\"640\" height=\"360\"><\/iframe><\/center><\/p>\n<\/div><\/div>","protected":false},"excerpt":{"rendered":"<p>Na noite desta quarta-feira, 17 de julho, o Gr\u00eamio fez mais um confronto equilibrado com o Bahia em uma Fonte Nova completamente lotada, com mais de 46 mil pessoas. Dessa vez, o detalhe decidiu em favor do Tricolor ga\u00facho. A vit\u00f3ria por 1 a 0 sobre o time de Roger Machado, garantiu a classifica\u00e7\u00e3o para [&hellip;]<\/p>\n","protected":false},"author":4,"featured_media":23362,"comment_status":"open","ping_status":"open","sticky":false,"template":"","format":"standard","meta":{"footnotes":""},"categories":[1],"tags":[],"class_list":["post-23360","post","type-post","status-publish","format-standard","has-post-thumbnail","hentry","category-sem-categoria"],"_links":{"self":[{"href":"https:\/\/sol.fm.br\/radio\/wp-json\/wp\/v2\/posts\/23360","targetHints":{"allow":["GET"]}}],"collection":[{"href":"https:\/\/sol.fm.br\/radio\/wp-json\/wp\/v2\/posts"}],"about":[{"href":"https:\/\/sol.fm.br\/radio\/wp-json\/wp\/v2\/types\/post"}],"author":[{"embeddable":true,"href":"https:\/\/sol.fm.br\/radio\/wp-json\/wp\/v2\/users\/4"}],"replies":[{"embeddable":true,"href":"https:\/\/sol.fm.br\/radio\/wp-json\/wp\/v2\/comments?post=23360"}],"version-history":[{"count":1,"href":"https:\/\/sol.fm.br\/radio\/wp-json\/wp\/v2\/posts\/23360\/revisions"}],"predecessor-version":[{"id":23363,"href":"https:\/\/sol.fm.br\/radio\/wp-json\/wp\/v2\/posts\/23360\/revisions\/23363"}],"wp:featuredmedia":[{"embeddable":true,"href":"https:\/\/sol.fm.br\/radio\/wp-json\/wp\/v2\/media\/23362"}],"wp:attachment":[{"href":"https:\/\/sol.fm.br\/radio\/wp-json\/wp\/v2\/media?parent=23360"}],"wp:term":[{"taxonomy":"category","embeddable":true,"href":"https:\/\/sol.fm.br\/radio\/wp-json\/wp\/v2\/categories?post=23360"},{"taxonomy":"post_tag","embeddable":true,"href":"https:\/\/sol.fm.br\/radio\/wp-json\/wp\/v2\/tags?post=23360"}],"curies":[{"name":"wp","href":"https:\/\/api.w.org\/{rel}","templated":true}]}}