{"id":23389,"date":"2019-07-19T14:29:25","date_gmt":"2019-07-19T17:29:25","guid":{"rendered":"http:\/\/sol.fm.br\/radio\/?p=23389"},"modified":"2019-07-19T14:29:25","modified_gmt":"2019-07-19T17:29:25","slug":"prefeitura-destina-mais-de-r-81-mil-para-procedimentos-em-animais-de-rua","status":"publish","type":"post","link":"https:\/\/sol.fm.br\/radio\/prefeitura-destina-mais-de-r-81-mil-para-procedimentos-em-animais-de-rua\/","title":{"rendered":"Prefeitura destina mais de R$ 81 mil para procedimentos em animais de rua"},"content":{"rendered":"<div id=\"dslc-theme-content\"><div id=\"dslc-theme-content-inner\"><p>Passado um ano da cria\u00e7\u00e3o do Estatuto dos Animais, a Prefeitura de Tr\u00eas Coroas fez um balan\u00e7o dos recursos aplicados com os c\u00e3es e gatos de rua ou que estavam em situa\u00e7\u00e3o cr\u00edtica de sa\u00fade.<\/p>\n<p>Nesse per\u00edodo, a Administra\u00e7\u00e3o Municipal investiu R$ 81.600,00 em ra\u00e7\u00e3o e servi\u00e7os veterin\u00e1rios. Isso d\u00e1 uma m\u00e9dia de R$ 6.800,00 por m\u00eas.<\/p>\n<p>Em 12 meses a prefeitura resgatou 71 animais, que foram avaliados por um m\u00e9dico veterin\u00e1rio do munic\u00edpio e logo em seguida encaminhados para a cl\u00ednica veterin\u00e1ria que venceu a licita\u00e7\u00e3o para a presta\u00e7\u00e3o de servi\u00e7os. Depois de vacinados, tratados e em boas condi\u00e7\u00f5es, os pets foram todos doados.<\/p>\n<p>O sistema de amparo aos animais em situa\u00e7\u00e3o de risco est\u00e1 sendo implantado em etapas. O pr\u00f3ximo passo ser\u00e1 a cria\u00e7\u00e3o de um plano de castra\u00e7\u00e3o, que em breve dever\u00e1 ser lan\u00e7ado.<\/p>\n<p>Para que isso seja consolidado, antes \u00e9 necess\u00e1rio criar uma regulamenta\u00e7\u00e3o espec\u00edfica para alcan\u00e7ar as fam\u00edlias de baixa renda e registrar o projeto junto ao Conselho Regional de Medicina Veterin\u00e1ria. Esse processo j\u00e1 est\u00e1 em andamento.<\/p>\n<p>As pessoas interessadas em adotar os animais recolhidos e tratados pela prefeitura devem entrar em contato com a Secretaria de Agricultura e Meio Ambiente atrav\u00e9s do telefone (51) 3546-3390.<\/p>\n<h6><strong>Foto: Divulga\u00e7\u00e3o.<\/strong><\/h6>\n<h6><strong>Diego Land<\/strong><br \/>\n<strong>Assessoria de Imprensa \/\u00a0Munic\u00edpio de Tr\u00eas Coroas-RS<\/strong><\/h6>\n<p><center><iframe loading=\"lazy\" src=\"https:\/\/player.jmvstream.com\/fHPLBpjjf9XKtUAcityAS4ACnPNQ72\" allowfullscreen allow=\"autoplay; fullscreen\" frameborder=\"0\" width=\"640\" height=\"360\"><\/iframe><\/center><\/p>\n<\/div><\/div>","protected":false},"excerpt":{"rendered":"<p>Passado um ano da cria\u00e7\u00e3o do Estatuto dos Animais, a Prefeitura de Tr\u00eas Coroas fez um balan\u00e7o dos recursos aplicados com os c\u00e3es e gatos de rua ou que estavam em situa\u00e7\u00e3o cr\u00edtica de sa\u00fade. Nesse per\u00edodo, a Administra\u00e7\u00e3o Municipal investiu R$ 81.600,00 em ra\u00e7\u00e3o e servi\u00e7os veterin\u00e1rios. Isso d\u00e1 uma m\u00e9dia de R$ 6.800,00 [&hellip;]<\/p>\n","protected":false},"author":4,"featured_media":23390,"comment_status":"open","ping_status":"open","sticky":false,"template":"","format":"standard","meta":{"footnotes":""},"categories":[1],"tags":[],"class_list":["post-23389","post","type-post","status-publish","format-standard","has-post-thumbnail","hentry","category-sem-categoria"],"_links":{"self":[{"href":"https:\/\/sol.fm.br\/radio\/wp-json\/wp\/v2\/posts\/23389","targetHints":{"allow":["GET"]}}],"collection":[{"href":"https:\/\/sol.fm.br\/radio\/wp-json\/wp\/v2\/posts"}],"about":[{"href":"https:\/\/sol.fm.br\/radio\/wp-json\/wp\/v2\/types\/post"}],"author":[{"embeddable":true,"href":"https:\/\/sol.fm.br\/radio\/wp-json\/wp\/v2\/users\/4"}],"replies":[{"embeddable":true,"href":"https:\/\/sol.fm.br\/radio\/wp-json\/wp\/v2\/comments?post=23389"}],"version-history":[{"count":1,"href":"https:\/\/sol.fm.br\/radio\/wp-json\/wp\/v2\/posts\/23389\/revisions"}],"predecessor-version":[{"id":23391,"href":"https:\/\/sol.fm.br\/radio\/wp-json\/wp\/v2\/posts\/23389\/revisions\/23391"}],"wp:featuredmedia":[{"embeddable":true,"href":"https:\/\/sol.fm.br\/radio\/wp-json\/wp\/v2\/media\/23390"}],"wp:attachment":[{"href":"https:\/\/sol.fm.br\/radio\/wp-json\/wp\/v2\/media?parent=23389"}],"wp:term":[{"taxonomy":"category","embeddable":true,"href":"https:\/\/sol.fm.br\/radio\/wp-json\/wp\/v2\/categories?post=23389"},{"taxonomy":"post_tag","embeddable":true,"href":"https:\/\/sol.fm.br\/radio\/wp-json\/wp\/v2\/tags?post=23389"}],"curies":[{"name":"wp","href":"https:\/\/api.w.org\/{rel}","templated":true}]}}