{"id":23415,"date":"2019-07-22T09:41:48","date_gmt":"2019-07-22T12:41:48","guid":{"rendered":"http:\/\/sol.fm.br\/radio\/?p=23415"},"modified":"2019-07-22T09:41:48","modified_gmt":"2019-07-22T12:41:48","slug":"maiara-do-duo-com-maraisa-radicaliza-o-visual","status":"publish","type":"post","link":"https:\/\/sol.fm.br\/radio\/maiara-do-duo-com-maraisa-radicaliza-o-visual\/","title":{"rendered":"Maiara, do duo com Maraisa, radicaliza o visual"},"content":{"rendered":"<div id=\"dslc-theme-content\"><div id=\"dslc-theme-content-inner\"><p>Maiara, fez mais uma surpresa ao seu namorado, Fernando Zor. Na manh\u00e3 desta segunda-feira, 22 de julho, o m\u00fasico, que forma dupla com Sorocaba, revelou aos seus seguidores a surpresa que teve ao ter chegado em casa e se deparado com \u2018uma ruiva\u2019.<\/p>\n<p><img loading=\"lazy\" decoding=\"async\" class=\"size-medium wp-image-23417 alignleft\" src=\"http:\/\/sol.fm.br\/radio\/wp-content\/uploads\/2019\/07\/Capturar-1-390x400.jpg\" alt=\"\" width=\"390\" height=\"400\" srcset=\"https:\/\/sol.fm.br\/radio\/wp-content\/uploads\/2019\/07\/Capturar-1-390x400.jpg 390w, https:\/\/sol.fm.br\/radio\/wp-content\/uploads\/2019\/07\/Capturar-1.jpg 522w\" sizes=\"auto, (max-width: 390px) 100vw, 390px\" \/>A ruiva no entanto, \u00e9 a Maiara, irm\u00e3 g\u00eamea de Maraisa, que radicalizou o visual. \u201cS\u00e3o sete horas da manh\u00e3, acabo de chegar em casa e encontro uma ruiva em minha cama\u201d, disse o cantor, causando gargalhadas na amada. A mudan\u00e7a ocorreu na noite anterior, no domingo, 21 de julho, e por meio do seu Instagram, a sertaneja comemorou ao ter dado uma mudada nas madeixas. \u201cE a ruiva que existe em mim retorna. Eu tento sair dela, mas ela me ama. Estamos ruivas novamente\u201d, revelou.<\/p>\n<p>O resultado, inclusive, foi recepcionado de forma calorosa pelos f\u00e3s da compositora, numa selfie publicada pela mesma, com a legenda: \u201cRuivei\u201d. \u201cA ruiva mais linda\u201d, \u201cT\u00e1 gata demais\u201d, \u201cLinda, princesa\u201d, \u201cFala pro Fernando tomar cuidado\u201d, \u201cFicou mais linda do que j\u00e1 \u00e9\u201d, foram um dos elogios publicados no click da mais nova ruiva do peda\u00e7o.<\/p>\n<h6><strong>Fotos: Instagram<\/strong><\/h6>\n<p><center><iframe loading=\"lazy\" src=\"https:\/\/player.jmvstream.com\/fHPLBpjjf9XKtUAcityAS4ACnPNQ72\" allowfullscreen allow=\"autoplay; fullscreen\" frameborder=\"0\" width=\"640\" height=\"360\"><\/iframe><\/center><\/p>\n<\/div><\/div>","protected":false},"excerpt":{"rendered":"<p>Maiara, fez mais uma surpresa ao seu namorado, Fernando Zor. Na manh\u00e3 desta segunda-feira, 22 de julho, o m\u00fasico, que forma dupla com Sorocaba, revelou aos seus seguidores a surpresa que teve ao ter chegado em casa e se deparado com \u2018uma ruiva\u2019. A ruiva no entanto, \u00e9 a Maiara, irm\u00e3 g\u00eamea de Maraisa, que [&hellip;]<\/p>\n","protected":false},"author":4,"featured_media":23416,"comment_status":"open","ping_status":"open","sticky":false,"template":"","format":"standard","meta":{"footnotes":""},"categories":[1],"tags":[],"class_list":["post-23415","post","type-post","status-publish","format-standard","has-post-thumbnail","hentry","category-sem-categoria"],"_links":{"self":[{"href":"https:\/\/sol.fm.br\/radio\/wp-json\/wp\/v2\/posts\/23415","targetHints":{"allow":["GET"]}}],"collection":[{"href":"https:\/\/sol.fm.br\/radio\/wp-json\/wp\/v2\/posts"}],"about":[{"href":"https:\/\/sol.fm.br\/radio\/wp-json\/wp\/v2\/types\/post"}],"author":[{"embeddable":true,"href":"https:\/\/sol.fm.br\/radio\/wp-json\/wp\/v2\/users\/4"}],"replies":[{"embeddable":true,"href":"https:\/\/sol.fm.br\/radio\/wp-json\/wp\/v2\/comments?post=23415"}],"version-history":[{"count":1,"href":"https:\/\/sol.fm.br\/radio\/wp-json\/wp\/v2\/posts\/23415\/revisions"}],"predecessor-version":[{"id":23418,"href":"https:\/\/sol.fm.br\/radio\/wp-json\/wp\/v2\/posts\/23415\/revisions\/23418"}],"wp:featuredmedia":[{"embeddable":true,"href":"https:\/\/sol.fm.br\/radio\/wp-json\/wp\/v2\/media\/23416"}],"wp:attachment":[{"href":"https:\/\/sol.fm.br\/radio\/wp-json\/wp\/v2\/media?parent=23415"}],"wp:term":[{"taxonomy":"category","embeddable":true,"href":"https:\/\/sol.fm.br\/radio\/wp-json\/wp\/v2\/categories?post=23415"},{"taxonomy":"post_tag","embeddable":true,"href":"https:\/\/sol.fm.br\/radio\/wp-json\/wp\/v2\/tags?post=23415"}],"curies":[{"name":"wp","href":"https:\/\/api.w.org\/{rel}","templated":true}]}}