{"id":24057,"date":"2019-08-20T13:53:40","date_gmt":"2019-08-20T16:53:40","guid":{"rendered":"http:\/\/sol.fm.br\/radio\/?p=24057"},"modified":"2019-08-20T13:53:40","modified_gmt":"2019-08-20T16:53:40","slug":"comissao-intergestora-regional-de-saude-realiza-reuniao-na-camara-de-vereadores-de-parobe","status":"publish","type":"post","link":"https:\/\/sol.fm.br\/radio\/comissao-intergestora-regional-de-saude-realiza-reuniao-na-camara-de-vereadores-de-parobe\/","title":{"rendered":"Comiss\u00e3o Intergestora Regional de Sa\u00fade realiza reuni\u00e3o na C\u00e2mara de Vereadores de Parob\u00e9"},"content":{"rendered":"<div id=\"dslc-theme-content\"><div id=\"dslc-theme-content-inner\"><p><em>Sede das reuni\u00f5es ocorre alternadamente nos munic\u00edpios do Estado<\/em><\/p>\n<p>No dia 13 de agosto, a Comiss\u00e3o Intergestora Regional Regi\u00e3o Paranhana Encosta da Serra (CIR) realizou na C\u00e2mara de Vereadores de Parob\u00e9, a reuni\u00e3o mensal com os Secret\u00e1rios Municipais de Sa\u00fade, na qual Parob\u00e9 foi representado pela Vice-Prefeita e Secret\u00e1ria da Pasta Marizete Pinheiro. Tamb\u00e9m estavam presentes os Assessores e da Equipe T\u00e9cnica da 1CRS da regi\u00e3o 6, que corresponde as cidades do Vale do Paranhana e Encosta da Serra.<\/p>\n<p>Dentre os assuntos tratados foram abordados o fluxo de consultas e retornos de especialistas das refer\u00eancias da regi\u00e3o 6, a preocupa\u00e7\u00e3o do Estado e Munic\u00edpios com o alto \u00edndice de faltas nas consultas com especialistas em Canoas e Porto Alegre e outros assuntos referentes a Aten\u00e7\u00e3o b\u00e1sica.<\/p>\n<p>Na ocasi\u00e3o, tamb\u00e9m foi informado aos Secret\u00e1rios sobre os novos fluxos de encaminhamentos de projetos de ESF, sobre a vigil\u00e2ncia ambiental e sanit\u00e1ria, apresenta\u00e7\u00e3o da nova diretoria do Hospital de Taquara e a ades\u00e3o de nova ferramenta no SISREG que ser\u00e1 implantada na regi\u00e3o de sa\u00fade.<\/p>\n<h6><strong>Assessoria de Imprensa | Secretaria de Comunica\u00e7\u00e3o\u00a0<\/strong><\/h6>\n<p><center><iframe loading=\"lazy\" src=\"https:\/\/player.jmvstream.com\/fHPLBpjjf9XKtUAcityAS4ACnPNQ72\" allowfullscreen allow=\"autoplay; fullscreen\" frameborder=\"0\" width=\"640\" height=\"360\"><\/iframe><\/center><\/p>\n<\/div><\/div>","protected":false},"excerpt":{"rendered":"<p>Sede das reuni\u00f5es ocorre alternadamente nos munic\u00edpios do Estado No dia 13 de agosto, a Comiss\u00e3o Intergestora Regional Regi\u00e3o Paranhana Encosta da Serra (CIR) realizou na C\u00e2mara de Vereadores de Parob\u00e9, a reuni\u00e3o mensal com os Secret\u00e1rios Municipais de Sa\u00fade, na qual Parob\u00e9 foi representado pela Vice-Prefeita e Secret\u00e1ria da Pasta Marizete Pinheiro. Tamb\u00e9m estavam [&hellip;]<\/p>\n","protected":false},"author":4,"featured_media":24058,"comment_status":"open","ping_status":"open","sticky":false,"template":"","format":"standard","meta":{"footnotes":""},"categories":[1],"tags":[],"class_list":["post-24057","post","type-post","status-publish","format-standard","has-post-thumbnail","hentry","category-sem-categoria"],"_links":{"self":[{"href":"https:\/\/sol.fm.br\/radio\/wp-json\/wp\/v2\/posts\/24057","targetHints":{"allow":["GET"]}}],"collection":[{"href":"https:\/\/sol.fm.br\/radio\/wp-json\/wp\/v2\/posts"}],"about":[{"href":"https:\/\/sol.fm.br\/radio\/wp-json\/wp\/v2\/types\/post"}],"author":[{"embeddable":true,"href":"https:\/\/sol.fm.br\/radio\/wp-json\/wp\/v2\/users\/4"}],"replies":[{"embeddable":true,"href":"https:\/\/sol.fm.br\/radio\/wp-json\/wp\/v2\/comments?post=24057"}],"version-history":[{"count":1,"href":"https:\/\/sol.fm.br\/radio\/wp-json\/wp\/v2\/posts\/24057\/revisions"}],"predecessor-version":[{"id":24059,"href":"https:\/\/sol.fm.br\/radio\/wp-json\/wp\/v2\/posts\/24057\/revisions\/24059"}],"wp:featuredmedia":[{"embeddable":true,"href":"https:\/\/sol.fm.br\/radio\/wp-json\/wp\/v2\/media\/24058"}],"wp:attachment":[{"href":"https:\/\/sol.fm.br\/radio\/wp-json\/wp\/v2\/media?parent=24057"}],"wp:term":[{"taxonomy":"category","embeddable":true,"href":"https:\/\/sol.fm.br\/radio\/wp-json\/wp\/v2\/categories?post=24057"},{"taxonomy":"post_tag","embeddable":true,"href":"https:\/\/sol.fm.br\/radio\/wp-json\/wp\/v2\/tags?post=24057"}],"curies":[{"name":"wp","href":"https:\/\/api.w.org\/{rel}","templated":true}]}}