{"id":26855,"date":"2019-12-23T14:57:37","date_gmt":"2019-12-23T16:57:37","guid":{"rendered":"http:\/\/sol.fm.br\/radio\/?p=26855"},"modified":"2019-12-23T14:57:37","modified_gmt":"2019-12-23T16:57:37","slug":"segmento-de-climatizacao-e-refrigeracao-teme-impacto-da-alta-do-dolar","status":"publish","type":"post","link":"https:\/\/sol.fm.br\/radio\/segmento-de-climatizacao-e-refrigeracao-teme-impacto-da-alta-do-dolar\/","title":{"rendered":"Segmento de climatiza\u00e7\u00e3o e refrigera\u00e7\u00e3o teme impacto da alta do d\u00f3lar"},"content":{"rendered":"<div id=\"dslc-theme-content\"><div id=\"dslc-theme-content-inner\"><p><em>Previs\u00e3o otimista de neg\u00f3cios \u00e9 influenciada por eleva\u00e7\u00e3o da moeda norte-americana que pode repercutir em pre\u00e7os mais caros dos produtos na temporada de ver\u00e3o<\/em><\/p>\n<p>A eleva\u00e7\u00e3o do d\u00f3lar poder\u00e1 impactar na venda de equipamentos para o per\u00edodo mais importante do ano no setor HVAC&amp;R, representado pelas empresas fabricantes de equipamentos de climatiza\u00e7\u00e3o e refrigera\u00e7\u00e3o. De dezembro at\u00e9 meados de mar\u00e7o, as vendas naturalmente se elevam de forma significativa e o mercado esse ano, vem apontando sinais t\u00edmidos de reaquecimento, por\u00e9m poder\u00e1 ser afetado pela varia\u00e7\u00e3o cambial. A avalia\u00e7\u00e3o \u00e9 do presidente da ASBRAV - Associa\u00e7\u00e3o Sul Brasileira de Refrigera\u00e7\u00e3o, Aquecimento e Ventila\u00e7\u00e3o, Eduardo Hugo M\u00fcller.<\/p>\n<p>- Nesse momento o d\u00f3lar subindo h\u00e1 novas importa\u00e7\u00f5es e a tend\u00eancia \u00e9 que os pre\u00e7os subam. A base de estoque que havia no Brasil era de uma cota\u00e7\u00e3o do Real-D\u00f3lar na base de R$ 3,70 a R$ 3,80 . Como a moeda est\u00e1 elevando, a tend\u00eancia \u00e9 que tenhamos eleva\u00e7\u00e3o dos pre\u00e7os. Essa \u00e9 nossa preocupa\u00e7\u00e3o. Se ao menos a moeda ficasse est\u00e1vel, haveria uma refer\u00eancia \u2013 explicou.<\/p>\n<p>Apesar de n\u00e3o ser poss\u00edvel estimar com exatid\u00e3o, o c\u00e1lculo \u00e9 que os pre\u00e7os dos produtos em breve poder\u00e3o ter uma alta de at\u00e9 10% nos pre\u00e7os.<\/p>\n<p>Entre os fabricantes h\u00e1 uma previs\u00e3o de otimismo. O Grupo Danfoss, por exemplo, divulgou recentemente um balan\u00e7o que apontou alta de 4% ns vendas nos tr\u00eas primeiros trimestres de 2019.<\/p>\n<p>- As vendas de produtos com efici\u00eancia energ\u00e9tica e as solu\u00e7\u00f5es el\u00e9tricas cresceram, e nossos ganhos aumentaram tamb\u00e9m no terceiro trimestre. Embora enfrentemos alguma incerteza na economia global, continuamos a ver boas oportunidades de crescimento \u00e0 medida que nossas solu\u00e7\u00f5es de economia de energia se traduzem no foco global fortalecido em sustentabilidade e transi\u00e7\u00e3o verde. Concretamente, vemos isso no di\u00e1logo com nossos clientes e isso \u00e9 algo que buscamos \u2013 afirmou o presidente e CEO do grupo, Kim Fausing.<\/p>\n<p>Segundo a empresa, as vendas aumentaram 4%, somando 4,75 bilh\u00f5es de euros (terceiro trimestre de 2018: 4,56 bilh\u00f5es), correspondendo a um crescimento de 2% em moeda local.<\/p>\n<hr \/>\n<h6><strong>Reda\u00e7\u00e3o: Marcelo Matusiak<\/strong><br \/>\n<strong>Coordena\u00e7\u00e3o: Marcelo Matusiak<\/strong><\/h6>\n<p><center><iframe loading=\"lazy\" class=\"jmvplayer\" src=\"https:\/\/player.jmvstream.com\/lvw\/YYGWo5wfZuZ8fEW7Qoq1ISwhLSEDhU\" allowfullscreen allow=\"autoplay; fullscreen\" frameborder=\"0\" width=\"640\" height=\"360\" ><\/iframe><\/center><\/p>\n<\/div><\/div>","protected":false},"excerpt":{"rendered":"<p>Previs\u00e3o otimista de neg\u00f3cios \u00e9 influenciada por eleva\u00e7\u00e3o da moeda norte-americana que pode repercutir em pre\u00e7os mais caros dos produtos na temporada de ver\u00e3o A eleva\u00e7\u00e3o do d\u00f3lar poder\u00e1 impactar na venda de equipamentos para o per\u00edodo mais importante do ano no setor HVAC&amp;R, representado pelas empresas fabricantes de equipamentos de climatiza\u00e7\u00e3o e refrigera\u00e7\u00e3o. De [&hellip;]<\/p>\n","protected":false},"author":4,"featured_media":26856,"comment_status":"open","ping_status":"open","sticky":false,"template":"","format":"standard","meta":{"footnotes":""},"categories":[1],"tags":[],"class_list":["post-26855","post","type-post","status-publish","format-standard","has-post-thumbnail","hentry","category-sem-categoria"],"_links":{"self":[{"href":"https:\/\/sol.fm.br\/radio\/wp-json\/wp\/v2\/posts\/26855","targetHints":{"allow":["GET"]}}],"collection":[{"href":"https:\/\/sol.fm.br\/radio\/wp-json\/wp\/v2\/posts"}],"about":[{"href":"https:\/\/sol.fm.br\/radio\/wp-json\/wp\/v2\/types\/post"}],"author":[{"embeddable":true,"href":"https:\/\/sol.fm.br\/radio\/wp-json\/wp\/v2\/users\/4"}],"replies":[{"embeddable":true,"href":"https:\/\/sol.fm.br\/radio\/wp-json\/wp\/v2\/comments?post=26855"}],"version-history":[{"count":2,"href":"https:\/\/sol.fm.br\/radio\/wp-json\/wp\/v2\/posts\/26855\/revisions"}],"predecessor-version":[{"id":26858,"href":"https:\/\/sol.fm.br\/radio\/wp-json\/wp\/v2\/posts\/26855\/revisions\/26858"}],"wp:featuredmedia":[{"embeddable":true,"href":"https:\/\/sol.fm.br\/radio\/wp-json\/wp\/v2\/media\/26856"}],"wp:attachment":[{"href":"https:\/\/sol.fm.br\/radio\/wp-json\/wp\/v2\/media?parent=26855"}],"wp:term":[{"taxonomy":"category","embeddable":true,"href":"https:\/\/sol.fm.br\/radio\/wp-json\/wp\/v2\/categories?post=26855"},{"taxonomy":"post_tag","embeddable":true,"href":"https:\/\/sol.fm.br\/radio\/wp-json\/wp\/v2\/tags?post=26855"}],"curies":[{"name":"wp","href":"https:\/\/api.w.org\/{rel}","templated":true}]}}