{"id":26859,"date":"2019-12-23T15:02:03","date_gmt":"2019-12-23T17:02:03","guid":{"rendered":"http:\/\/sol.fm.br\/radio\/?p=26859"},"modified":"2019-12-23T15:02:03","modified_gmt":"2019-12-23T17:02:03","slug":"lojistas-projetam-otimismo-nas-vendas-de-natal-em-sapiranga","status":"publish","type":"post","link":"https:\/\/sol.fm.br\/radio\/lojistas-projetam-otimismo-nas-vendas-de-natal-em-sapiranga\/","title":{"rendered":"Lojistas projetam otimismo nas vendas de Natal em Sapiranga"},"content":{"rendered":"<div id=\"dslc-theme-content\"><div id=\"dslc-theme-content-inner\"><p><em>Cen\u00e1rio no munic\u00edpio acompanha previs\u00e3o de altas nos neg\u00f3cios estimada no \u00e2mbito nacional<\/em><\/p>\n<p>Apesar de haver certa modera\u00e7\u00e3o, os consumidores est\u00e3o indo \u00e0s compras para a \u00e9poca mais importante do ano para o varejo. O Natal promete bons neg\u00f3cios e as lojas j\u00e1 registram grande procura por presentes.<\/p>\n<p>- Com certeza esperamos vender um pouco mais do que no ano passado. Estamos com estoques de roupas mais focadas para festa, mas j\u00e1 com cole\u00e7\u00f5es voltadas para o ver\u00e3o incluindo roupas muito alegres e vivas \u2013 afirma a empres\u00e1ria Ivania Butenbender da Loja Loni Confec\u00e7\u00f5es.<\/p>\n<p>A empres\u00e1ria Eloisa Nadler, da relojoaria Nadler, ressalta que \u00e9 importante que as pessoas se desarmem de pensamentos negativos e pessimistas trazidos pelo cen\u00e1rio econ\u00f4mico de recess\u00e3o recente.<\/p>\n<p>- Estamos com uma boa expectativa especialmente na venda de rel\u00f3gios que s\u00e3o um presente muito procurado. Al\u00e9m disso, \u00f3culos solares e joias tamb\u00e9m costumam vender bem nessa \u00e9poca do ano \u2013 disse.<\/p>\n<p>O Natal para o empres\u00e1rio, Gerson Jaques Muller, da Lucinha Mimos, representa uma virada nos neg\u00f3cios.<\/p>\n<p>- Tivemos um in\u00edcio de ano que n\u00e3o foi f\u00e1cil, mas desde outubro para c\u00e1 os resultados come\u00e7aram a surpreender. Dentro de uma realidade que vivemos, podemos projetar um resultado bom para esse ano. Estamos no mercado h\u00e1 42 anos e queremos trabalhar forte para esse ano brinquedos e produtos de utilidade dom\u00e9stica \u2013 disse.<\/p>\n<p>Segundo dados da Confedera\u00e7\u00e3o Nacional de Dirigentes Lojistas (CNDL\/SPC Brasil), as vendas<\/p>\n<p>no Natal devem movimentar R$ 60 bilh\u00f5es na economia. Cada presente custar\u00e1, em m\u00e9dia, R$ 125; lojas de departamento e internet superam shopping center na busca por presentes. Em m\u00e9dia, os consumidores ouvidos pelo levantamento devem adquirir quatro presentes. J\u00e1 o ticket m\u00e9dio, ou seja, o valor a ser gasto pelo consumidor com cada item comprado, ser\u00e1 de R$ 124,99, cifra que sobe para R$ 143,26 entre os consumidores das classes A e B e cai para R$ 119,11, entre os de mais baixa renda. H\u00e1, contudo, uma parcela consider\u00e1vel de 23% de consumidores que ainda n\u00e3o se decidiu quanto ao valor a ser desembolsado.<\/p>\n<hr \/>\n<h6><strong>Reda\u00e7\u00e3o: Marcelo Matusiak<\/strong><br \/>\n<strong>Coordena\u00e7\u00e3o: Marcelo Matusiak<\/strong><\/h6>\n<p><center><iframe loading=\"lazy\" class=\"jmvplayer\" src=\"https:\/\/player.jmvstream.com\/lvw\/YYGWo5wfZuZ8fEW7Qoq1ISwhLSEDhU\" allowfullscreen allow=\"autoplay; fullscreen\" frameborder=\"0\" width=\"640\" height=\"360\" ><\/iframe><\/center><\/p>\n<\/div><\/div>","protected":false},"excerpt":{"rendered":"<p>Cen\u00e1rio no munic\u00edpio acompanha previs\u00e3o de altas nos neg\u00f3cios estimada no \u00e2mbito nacional Apesar de haver certa modera\u00e7\u00e3o, os consumidores est\u00e3o indo \u00e0s compras para a \u00e9poca mais importante do ano para o varejo. O Natal promete bons neg\u00f3cios e as lojas j\u00e1 registram grande procura por presentes. - Com certeza esperamos vender um pouco [&hellip;]<\/p>\n","protected":false},"author":4,"featured_media":26860,"comment_status":"open","ping_status":"open","sticky":false,"template":"","format":"standard","meta":{"footnotes":""},"categories":[1],"tags":[],"class_list":["post-26859","post","type-post","status-publish","format-standard","has-post-thumbnail","hentry","category-sem-categoria"],"_links":{"self":[{"href":"https:\/\/sol.fm.br\/radio\/wp-json\/wp\/v2\/posts\/26859","targetHints":{"allow":["GET"]}}],"collection":[{"href":"https:\/\/sol.fm.br\/radio\/wp-json\/wp\/v2\/posts"}],"about":[{"href":"https:\/\/sol.fm.br\/radio\/wp-json\/wp\/v2\/types\/post"}],"author":[{"embeddable":true,"href":"https:\/\/sol.fm.br\/radio\/wp-json\/wp\/v2\/users\/4"}],"replies":[{"embeddable":true,"href":"https:\/\/sol.fm.br\/radio\/wp-json\/wp\/v2\/comments?post=26859"}],"version-history":[{"count":1,"href":"https:\/\/sol.fm.br\/radio\/wp-json\/wp\/v2\/posts\/26859\/revisions"}],"predecessor-version":[{"id":26861,"href":"https:\/\/sol.fm.br\/radio\/wp-json\/wp\/v2\/posts\/26859\/revisions\/26861"}],"wp:featuredmedia":[{"embeddable":true,"href":"https:\/\/sol.fm.br\/radio\/wp-json\/wp\/v2\/media\/26860"}],"wp:attachment":[{"href":"https:\/\/sol.fm.br\/radio\/wp-json\/wp\/v2\/media?parent=26859"}],"wp:term":[{"taxonomy":"category","embeddable":true,"href":"https:\/\/sol.fm.br\/radio\/wp-json\/wp\/v2\/categories?post=26859"},{"taxonomy":"post_tag","embeddable":true,"href":"https:\/\/sol.fm.br\/radio\/wp-json\/wp\/v2\/tags?post=26859"}],"curies":[{"name":"wp","href":"https:\/\/api.w.org\/{rel}","templated":true}]}}