{"id":26865,"date":"2019-12-23T15:13:33","date_gmt":"2019-12-23T17:13:33","guid":{"rendered":"http:\/\/sol.fm.br\/radio\/?p=26865"},"modified":"2019-12-23T15:14:08","modified_gmt":"2019-12-23T17:14:08","slug":"companheira-de-sargento-da-reserva-morto-em-novo-hamburgo-e-suspeita-de-ser-a-mandante-do-crime","status":"publish","type":"post","link":"https:\/\/sol.fm.br\/radio\/companheira-de-sargento-da-reserva-morto-em-novo-hamburgo-e-suspeita-de-ser-a-mandante-do-crime\/","title":{"rendered":"Companheira de sargento da reserva morto em Novo Hamburgo \u00e9 suspeita de ser a mandante do crime"},"content":{"rendered":"<div id=\"dslc-theme-content\"><div id=\"dslc-theme-content-inner\"><p>Na manh\u00e3 desta segunda-feira, 23 de novembro, a Pol\u00edcia Civil divulgou detalhes da investiga\u00e7\u00e3o sobre a morte a tiros do sargento da reserva, Ezequiel Freire dos Santos, de 50 anos, em Novo Hamburgo. Conforme informa\u00e7\u00f5es do delegado M\u00e1rcio Niederauer, a atual companheira dele, de 40 anos, seria a mandante do crime, que aconteceu no dia 10 de dezembro.<\/p>\n<p>\"Supostamente [a v\u00edtima] agredia a mulher. Nos parece que \u00e9 s\u00f3 uma justificativa para fazer o servi\u00e7o\", disse o delegado.\u00a0Esse teria sido o argumento, segundo o delegado, do autor dos disparos.\u00a0\"Ele achou por bem confessar o crime. A imagem dele \u00e9 muito n\u00edtida. N\u00e3o tinha como negar a situa\u00e7\u00e3o\", disse.<\/p>\n<p>N\u00e3o h\u00e1 registro na pol\u00edcia de agress\u00f5es envolvendo Ezequiel e a companheira. Segundo o delegado, no primeiro depoimento ela chegou a dizer que era agredida, depois mudou a vers\u00e3o.\u00a0\"Ap\u00f3s a pris\u00e3o dela, e do suspeito de atirar, ela deu um novo depoimento e disse que era agredida, mas nega qualquer envolvimento com a morte dele\", afirmou.<\/p>\n<p><img loading=\"lazy\" decoding=\"async\" class=\"size-medium wp-image-26866 alignleft\" src=\"http:\/\/sol.fm.br\/radio\/wp-content\/uploads\/2019\/12\/hihuih-400x400.jpg\" alt=\"\" width=\"400\" height=\"400\" srcset=\"https:\/\/sol.fm.br\/radio\/wp-content\/uploads\/2019\/12\/hihuih-400x400.jpg 400w, https:\/\/sol.fm.br\/radio\/wp-content\/uploads\/2019\/12\/hihuih.jpg 430w\" sizes=\"auto, (max-width: 400px) 100vw, 400px\" \/><\/p>\n<p>Est\u00e3o presos temporariamente, al\u00e9m da companheira da v\u00edtima, o homem, de 35 anos, apontado pela pol\u00edcia como o atirador, uma mulher, de 79 anos, e o companheiro dela, de 59 anos. Uma quarta pessoa, o filho de cria\u00e7\u00e3o do casal, de 34 anos, est\u00e1 foragido.\u00a0\"Inicialmente ele [o atirador] \u00e9 levado [pelo filho do casal] at\u00e9 o local para fazer uma liga\u00e7\u00e3o clandestina de \u00e1gua, mas depois \u00e9 avisado de um outro tipo de servi\u00e7o [matar]. Esse casal preso era amigo da companheira\", esclarece.<\/p>\n<p>De acordo com o delegado, toda a\u00e7\u00e3o dos suspeitos foi registrada pelas c\u00e2meras de seguran\u00e7a. Ezequiel foi morto na empresa de reciclagem de sua propriedade, no bairro Primavera. Nas imagens, \u00e9 poss\u00edvel ver a a\u00e7\u00e3o do atirador, que chegou ao local, conversou brevemente com o sargento, sacou uma arma e disparou. Logo ap\u00f3s, fugiu.<\/p>\n<p>\"O atirador entra no local do crime por volta das 17h, as c\u00e2meras registram isso. Nesse per\u00edodo ele sai e vai at\u00e9 a casa do casal encontrar a companheira da v\u00edtima. Ele queria confirmar a hist\u00f3ria das agress\u00f5es. Ela confirma, ent\u00e3o, ele volta a reciclagem e mata a v\u00edtima, por volta das 19h. Est\u00e1 tudo registrado\", conta.<\/p>\n<p>Segundo a pol\u00edcia, um homem que estava na carona do ve\u00edculo que era dirigido pelo sargento foi testemunha do crime e reconheceu, na delegacia, o suspeito de atirar.<\/p>\n<p>O autor dos disparos teria ganho R$ 300, j\u00e1 os outros tr\u00eas dividiram um pagamento de R$ 3 mil pelo crime. Os cinco devem responder por homic\u00eddio qualificado, com recurso que impossibilitou a defesa da v\u00edtima, mediante pagamento.<\/p>\n<hr \/>\n<p>&nbsp;<\/p>\n<p><center><iframe loading=\"lazy\" class=\"jmvplayer\" src=\"https:\/\/player.jmvstream.com\/lvw\/YYGWo5wfZuZ8fEW7Qoq1ISwhLSEDhU\" width=\"640\" height=\"360\" frameborder=\"0\" allowfullscreen=\"allowfullscreen\"><\/iframe><\/center><\/p>\n<\/div><\/div>","protected":false},"excerpt":{"rendered":"<p>Na manh\u00e3 desta segunda-feira, 23 de novembro, a Pol\u00edcia Civil divulgou detalhes da investiga\u00e7\u00e3o sobre a morte a tiros do sargento da reserva, Ezequiel Freire dos Santos, de 50 anos, em Novo Hamburgo. Conforme informa\u00e7\u00f5es do delegado M\u00e1rcio Niederauer, a atual companheira dele, de 40 anos, seria a mandante do crime, que aconteceu no dia [&hellip;]<\/p>\n","protected":false},"author":4,"featured_media":26867,"comment_status":"open","ping_status":"open","sticky":false,"template":"","format":"standard","meta":{"footnotes":""},"categories":[1],"tags":[],"class_list":["post-26865","post","type-post","status-publish","format-standard","has-post-thumbnail","hentry","category-sem-categoria"],"_links":{"self":[{"href":"https:\/\/sol.fm.br\/radio\/wp-json\/wp\/v2\/posts\/26865","targetHints":{"allow":["GET"]}}],"collection":[{"href":"https:\/\/sol.fm.br\/radio\/wp-json\/wp\/v2\/posts"}],"about":[{"href":"https:\/\/sol.fm.br\/radio\/wp-json\/wp\/v2\/types\/post"}],"author":[{"embeddable":true,"href":"https:\/\/sol.fm.br\/radio\/wp-json\/wp\/v2\/users\/4"}],"replies":[{"embeddable":true,"href":"https:\/\/sol.fm.br\/radio\/wp-json\/wp\/v2\/comments?post=26865"}],"version-history":[{"count":2,"href":"https:\/\/sol.fm.br\/radio\/wp-json\/wp\/v2\/posts\/26865\/revisions"}],"predecessor-version":[{"id":26869,"href":"https:\/\/sol.fm.br\/radio\/wp-json\/wp\/v2\/posts\/26865\/revisions\/26869"}],"wp:featuredmedia":[{"embeddable":true,"href":"https:\/\/sol.fm.br\/radio\/wp-json\/wp\/v2\/media\/26867"}],"wp:attachment":[{"href":"https:\/\/sol.fm.br\/radio\/wp-json\/wp\/v2\/media?parent=26865"}],"wp:term":[{"taxonomy":"category","embeddable":true,"href":"https:\/\/sol.fm.br\/radio\/wp-json\/wp\/v2\/categories?post=26865"},{"taxonomy":"post_tag","embeddable":true,"href":"https:\/\/sol.fm.br\/radio\/wp-json\/wp\/v2\/tags?post=26865"}],"curies":[{"name":"wp","href":"https:\/\/api.w.org\/{rel}","templated":true}]}}