{"id":26870,"date":"2019-12-24T09:49:21","date_gmt":"2019-12-24T11:49:21","guid":{"rendered":"http:\/\/sol.fm.br\/radio\/?p=26870"},"modified":"2019-12-24T09:49:21","modified_gmt":"2019-12-24T11:49:21","slug":"esta-terca-feira-vespera-de-natal-tera-sol-e-calor-no-rs","status":"publish","type":"post","link":"https:\/\/sol.fm.br\/radio\/esta-terca-feira-vespera-de-natal-tera-sol-e-calor-no-rs\/","title":{"rendered":"Esta ter\u00e7a-feira, v\u00e9spera de Natal, ter\u00e1 sol e calor no RS"},"content":{"rendered":"<div id=\"dslc-theme-content\"><div id=\"dslc-theme-content-inner\"><p>Esta ter\u00e7a-feira, 24 de dezembro, ter\u00e1 tempo ensolarado e amplos per\u00edodos com c\u00e9u claro no Rio Grande do Sul. O amanhecer ser\u00e1 ameno pra dezembro, e at\u00e9 frio em regi\u00f5es de Serra. Mas aquece muito r\u00e1pido de manh\u00e3 com o sol e o ar seco.<\/p>\n<p>A tarde ter\u00e1 forte calor e baixa umidade. \u00c0 noite, na ceia, tempo firme e agrad\u00e1vel com temperatura entre 20\u00b0C e 23\u00b0C na maioria das cidades e vento por vezes moderado. Porto Alegre ter\u00e1 marcas entre 15\u00b0C e 35\u00b0C, em um dia ensolarado.<\/p>\n<p>No dia de Natal, 25 de dezembro, haver\u00e1 muito sol no Rio Grande do Sul. O calor aumenta bastante e a tarde vai ser t\u00f3rrida com m\u00e1ximas perto ou ao redor dos 40\u00b0C em algumas regi\u00f5es. O calor\u00e3o estimular\u00e1 nuvens esparsas \u00e0 tarde.<\/p>\n<hr \/>\n<p>&nbsp;<\/p>\n<p><center><iframe loading=\"lazy\" class=\"jmvplayer\" src=\"https:\/\/player.jmvstream.com\/lvw\/YYGWo5wfZuZ8fEW7Qoq1ISwhLSEDhU\" allowfullscreen allow=\"autoplay; fullscreen\" frameborder=\"0\" width=\"640\" height=\"360\" ><\/iframe><\/center><\/p>\n<\/div><\/div>","protected":false},"excerpt":{"rendered":"<p>Esta ter\u00e7a-feira, 24 de dezembro, ter\u00e1 tempo ensolarado e amplos per\u00edodos com c\u00e9u claro no Rio Grande do Sul. O amanhecer ser\u00e1 ameno pra dezembro, e at\u00e9 frio em regi\u00f5es de Serra. Mas aquece muito r\u00e1pido de manh\u00e3 com o sol e o ar seco. A tarde ter\u00e1 forte calor e baixa umidade. \u00c0 noite, [&hellip;]<\/p>\n","protected":false},"author":4,"featured_media":26871,"comment_status":"open","ping_status":"open","sticky":false,"template":"","format":"standard","meta":{"footnotes":""},"categories":[1],"tags":[],"class_list":["post-26870","post","type-post","status-publish","format-standard","has-post-thumbnail","hentry","category-sem-categoria"],"_links":{"self":[{"href":"https:\/\/sol.fm.br\/radio\/wp-json\/wp\/v2\/posts\/26870","targetHints":{"allow":["GET"]}}],"collection":[{"href":"https:\/\/sol.fm.br\/radio\/wp-json\/wp\/v2\/posts"}],"about":[{"href":"https:\/\/sol.fm.br\/radio\/wp-json\/wp\/v2\/types\/post"}],"author":[{"embeddable":true,"href":"https:\/\/sol.fm.br\/radio\/wp-json\/wp\/v2\/users\/4"}],"replies":[{"embeddable":true,"href":"https:\/\/sol.fm.br\/radio\/wp-json\/wp\/v2\/comments?post=26870"}],"version-history":[{"count":1,"href":"https:\/\/sol.fm.br\/radio\/wp-json\/wp\/v2\/posts\/26870\/revisions"}],"predecessor-version":[{"id":26872,"href":"https:\/\/sol.fm.br\/radio\/wp-json\/wp\/v2\/posts\/26870\/revisions\/26872"}],"wp:featuredmedia":[{"embeddable":true,"href":"https:\/\/sol.fm.br\/radio\/wp-json\/wp\/v2\/media\/26871"}],"wp:attachment":[{"href":"https:\/\/sol.fm.br\/radio\/wp-json\/wp\/v2\/media?parent=26870"}],"wp:term":[{"taxonomy":"category","embeddable":true,"href":"https:\/\/sol.fm.br\/radio\/wp-json\/wp\/v2\/categories?post=26870"},{"taxonomy":"post_tag","embeddable":true,"href":"https:\/\/sol.fm.br\/radio\/wp-json\/wp\/v2\/tags?post=26870"}],"curies":[{"name":"wp","href":"https:\/\/api.w.org\/{rel}","templated":true}]}}