{"id":26873,"date":"2019-12-24T10:00:47","date_gmt":"2019-12-24T12:00:47","guid":{"rendered":"http:\/\/sol.fm.br\/radio\/?p=26873"},"modified":"2019-12-24T10:00:47","modified_gmt":"2019-12-24T12:00:47","slug":"luan-se-despede-do-gremio","status":"publish","type":"post","link":"https:\/\/sol.fm.br\/radio\/luan-se-despede-do-gremio\/","title":{"rendered":"Luan se despede do Gr\u00eamio"},"content":{"rendered":"<div id=\"dslc-theme-content\"><div id=\"dslc-theme-content-inner\"><p>Luan, que foi vendido para o Corinthians, usou as redes sociais para se despedir do clube e da torcida que o acolheu como \u00eddolo nos \u00faltimos anos.<\/p>\n<p>Ele, o melhor jogador do futebol sul-americano em 2017, quando ajudou o Tricolor a conquistar seu tricampeonato da Libertadores, postou uma mensagem de agradecimento: \"Procuro palavras pra falar da import\u00e2ncia do Gr\u00eamio na minha vida. Um clube que aprendi a amar por tudo que eu vivi, foram sete anos vestindo essa camisa, com muito mais gl\u00f3rias e alegrias do que eu poderia imaginar no dia que cheguei em Porto Alegre\", escreveu.<\/p>\n<p>No texto, o agora ex-camisa 7 do Gr\u00eamio diz que \"ganhei quase tudo que um jogador pode sonhar, mas a minha maior conquista foi o respeito e o carinho de todos no clube e da torcida\". \"Sei que meu nome est\u00e1 na hist\u00f3ria do Imortal, sempre disse que s\u00f3 iria sair depois de poder ajudar a dar alegria e esse clube, e hoje saio com a sensa\u00e7\u00e3o de miss\u00e3o cumprida. A partir de agora, vou viver um novo sonho na carreira. Obrigado ao GR\u00caMIO e \u00e0 TORCIDA! Sou eternamente grato por tudo que fizeram por mim!\", concluiu.<\/p>\n<hr \/>\n<h6><strong>Foto: Instagram<\/strong><\/h6>\n<p><center><iframe loading=\"lazy\" class=\"jmvplayer\" src=\"https:\/\/player.jmvstream.com\/lvw\/YYGWo5wfZuZ8fEW7Qoq1ISwhLSEDhU\" allowfullscreen allow=\"autoplay; fullscreen\" frameborder=\"0\" width=\"640\" height=\"360\" ><\/iframe><\/center><\/p>\n<\/div><\/div>","protected":false},"excerpt":{"rendered":"<p>Luan, que foi vendido para o Corinthians, usou as redes sociais para se despedir do clube e da torcida que o acolheu como \u00eddolo nos \u00faltimos anos. Ele, o melhor jogador do futebol sul-americano em 2017, quando ajudou o Tricolor a conquistar seu tricampeonato da Libertadores, postou uma mensagem de agradecimento: \"Procuro palavras pra falar [&hellip;]<\/p>\n","protected":false},"author":4,"featured_media":26874,"comment_status":"open","ping_status":"open","sticky":false,"template":"","format":"standard","meta":{"footnotes":""},"categories":[1],"tags":[],"class_list":["post-26873","post","type-post","status-publish","format-standard","has-post-thumbnail","hentry","category-sem-categoria"],"_links":{"self":[{"href":"https:\/\/sol.fm.br\/radio\/wp-json\/wp\/v2\/posts\/26873","targetHints":{"allow":["GET"]}}],"collection":[{"href":"https:\/\/sol.fm.br\/radio\/wp-json\/wp\/v2\/posts"}],"about":[{"href":"https:\/\/sol.fm.br\/radio\/wp-json\/wp\/v2\/types\/post"}],"author":[{"embeddable":true,"href":"https:\/\/sol.fm.br\/radio\/wp-json\/wp\/v2\/users\/4"}],"replies":[{"embeddable":true,"href":"https:\/\/sol.fm.br\/radio\/wp-json\/wp\/v2\/comments?post=26873"}],"version-history":[{"count":1,"href":"https:\/\/sol.fm.br\/radio\/wp-json\/wp\/v2\/posts\/26873\/revisions"}],"predecessor-version":[{"id":26875,"href":"https:\/\/sol.fm.br\/radio\/wp-json\/wp\/v2\/posts\/26873\/revisions\/26875"}],"wp:featuredmedia":[{"embeddable":true,"href":"https:\/\/sol.fm.br\/radio\/wp-json\/wp\/v2\/media\/26874"}],"wp:attachment":[{"href":"https:\/\/sol.fm.br\/radio\/wp-json\/wp\/v2\/media?parent=26873"}],"wp:term":[{"taxonomy":"category","embeddable":true,"href":"https:\/\/sol.fm.br\/radio\/wp-json\/wp\/v2\/categories?post=26873"},{"taxonomy":"post_tag","embeddable":true,"href":"https:\/\/sol.fm.br\/radio\/wp-json\/wp\/v2\/tags?post=26873"}],"curies":[{"name":"wp","href":"https:\/\/api.w.org\/{rel}","templated":true}]}}