{"id":26876,"date":"2019-12-24T10:16:50","date_gmt":"2019-12-24T12:16:50","guid":{"rendered":"http:\/\/sol.fm.br\/radio\/?p=26876"},"modified":"2019-12-24T10:16:50","modified_gmt":"2019-12-24T12:16:50","slug":"governador-eduardo-leite-sanciona-lei-que-altera-aliquotas-previdenciarias-de-servidores-do-rs","status":"publish","type":"post","link":"https:\/\/sol.fm.br\/radio\/governador-eduardo-leite-sanciona-lei-que-altera-aliquotas-previdenciarias-de-servidores-do-rs\/","title":{"rendered":"Governador Eduardo Leite sanciona lei que altera al\u00edquotas previdenci\u00e1rias de servidores do RS"},"content":{"rendered":"<div id=\"dslc-theme-content\"><div id=\"dslc-theme-content-inner\"><p>A lei que modifica as faixas de contribui\u00e7\u00e3o previdenci\u00e1ria dos servidores p\u00fablicos civis do Estado, foi sancionada pelo governador Eduardo Leite. Na segunda-feira, 23 de dezembro, a publica\u00e7\u00e3o entrou no Di\u00e1rio Oficial do Estado. O PLC 503\/2019 foi aprovado na Assembleia Legislativa com 38 votos a favor e 15 contra, em sess\u00e3o na \u00faltima quinta, 18 de dezembro.<\/p>\n<p>A partir da confirma\u00e7\u00e3o, a lei entra em vigor em 90 dias.<\/p>\n<p>Leite vetou parcialmente um ponto do projeto, um par\u00e1grafo do artigo 30 que diz respeito \u00e0 pens\u00e3o por morte devida aos dependentes do servidor.\u00a0\"Veto parcialmente o Projeto de Lei Complementar n\u00ba 503\/2019, propiciando a esse Egr\u00e9gio Poder a reaprecia\u00e7\u00e3o da mat\u00e9ria, certo de que os nobres deputados, ao conhecerem dos motivos que me levaram a n\u00e3o acolher a proposta, reformular\u00e3o seu posicionamento\", escreveu Leite.<\/p>\n<p>Com isso, a mat\u00e9ria dever\u00e1 ser submetida \u00e0 nova aprecia\u00e7\u00e3o na Assembleia Legislativa.<\/p>\n<p>Os servidores da ativa tinham desconto de 14%, e inativos que recebem at\u00e9 o teto do INSS (R$ 5,8 mil), n\u00e3o contribu\u00edam com o regime.<\/p>\n<p>A proposta criou sete faixas de contribui\u00e7\u00e3o previdenci\u00e1ria. Servidores ativos e inativos, que ganham at\u00e9 R$ 998, ficam isentos.<\/p>\n<p>Os descontos iniciam em 7,5%. Depois, a al\u00edquota aumenta progressivamente at\u00e9 chegar aos 22%. No G1 \u00e9 poss\u00edvel conferir a tabela com todas as faixas.<\/p>\n<hr \/>\n<h6><strong>Foto: Instagram<\/strong><\/h6>\n<p><center><iframe loading=\"lazy\" class=\"jmvplayer\" src=\"https:\/\/player.jmvstream.com\/lvw\/YYGWo5wfZuZ8fEW7Qoq1ISwhLSEDhU\" allowfullscreen allow=\"autoplay; fullscreen\" frameborder=\"0\" width=\"640\" height=\"360\" ><\/iframe><\/center><\/p>\n<\/div><\/div>","protected":false},"excerpt":{"rendered":"<p>A lei que modifica as faixas de contribui\u00e7\u00e3o previdenci\u00e1ria dos servidores p\u00fablicos civis do Estado, foi sancionada pelo governador Eduardo Leite. Na segunda-feira, 23 de dezembro, a publica\u00e7\u00e3o entrou no Di\u00e1rio Oficial do Estado. O PLC 503\/2019 foi aprovado na Assembleia Legislativa com 38 votos a favor e 15 contra, em sess\u00e3o na \u00faltima quinta, [&hellip;]<\/p>\n","protected":false},"author":4,"featured_media":26879,"comment_status":"open","ping_status":"open","sticky":false,"template":"","format":"standard","meta":{"footnotes":""},"categories":[1],"tags":[],"class_list":["post-26876","post","type-post","status-publish","format-standard","has-post-thumbnail","hentry","category-sem-categoria"],"_links":{"self":[{"href":"https:\/\/sol.fm.br\/radio\/wp-json\/wp\/v2\/posts\/26876","targetHints":{"allow":["GET"]}}],"collection":[{"href":"https:\/\/sol.fm.br\/radio\/wp-json\/wp\/v2\/posts"}],"about":[{"href":"https:\/\/sol.fm.br\/radio\/wp-json\/wp\/v2\/types\/post"}],"author":[{"embeddable":true,"href":"https:\/\/sol.fm.br\/radio\/wp-json\/wp\/v2\/users\/4"}],"replies":[{"embeddable":true,"href":"https:\/\/sol.fm.br\/radio\/wp-json\/wp\/v2\/comments?post=26876"}],"version-history":[{"count":1,"href":"https:\/\/sol.fm.br\/radio\/wp-json\/wp\/v2\/posts\/26876\/revisions"}],"predecessor-version":[{"id":26880,"href":"https:\/\/sol.fm.br\/radio\/wp-json\/wp\/v2\/posts\/26876\/revisions\/26880"}],"wp:featuredmedia":[{"embeddable":true,"href":"https:\/\/sol.fm.br\/radio\/wp-json\/wp\/v2\/media\/26879"}],"wp:attachment":[{"href":"https:\/\/sol.fm.br\/radio\/wp-json\/wp\/v2\/media?parent=26876"}],"wp:term":[{"taxonomy":"category","embeddable":true,"href":"https:\/\/sol.fm.br\/radio\/wp-json\/wp\/v2\/categories?post=26876"},{"taxonomy":"post_tag","embeddable":true,"href":"https:\/\/sol.fm.br\/radio\/wp-json\/wp\/v2\/tags?post=26876"}],"curies":[{"name":"wp","href":"https:\/\/api.w.org\/{rel}","templated":true}]}}