{"id":26881,"date":"2019-12-24T10:29:06","date_gmt":"2019-12-24T12:29:06","guid":{"rendered":"http:\/\/sol.fm.br\/radio\/?p=26881"},"modified":"2019-12-24T10:29:06","modified_gmt":"2019-12-24T12:29:06","slug":"guerrero-nega-ter-recebido-proposta-do-boca-juniors","status":"publish","type":"post","link":"https:\/\/sol.fm.br\/radio\/guerrero-nega-ter-recebido-proposta-do-boca-juniors\/","title":{"rendered":"Guerrero nega ter recebido proposta do Boca Juniors"},"content":{"rendered":"<div id=\"dslc-theme-content\"><div id=\"dslc-theme-content-inner\"><p>O jogador Paolo Guerrero tem declarado que o seu desejo \u00e9 seguir no Inter em 2020. O peruano, que estava no alvo do Boca Juniors, negou ter recebido proposta do clube xeneize e indicou a perman\u00eancia em Porto Alegre.<\/p>\n<p>A declara\u00e7\u00e3o do jogador ocorreu durante o Lance de Craque, evento beneficente que ocorreu no Beira-Rio, no \u00faltimo s\u00e1bado. Ele afirmou que os colorados ainda ir\u00e3o o ver atuando em Porto Alegre. Com rela\u00e7\u00e3o a propostas de outros clubes, o centroavante afirmou que s\u00f3 sa\u00edra do Inter caso haja uma proposta boa para os dois lados.<\/p>\n<p>Guerrero tem contrato at\u00e9 2021 com o Inter, e a multa rescis\u00f3ria n\u00e3o tem valor fixado, no modelo de neg\u00f3cio \u00e9 o clube ga\u00facho que estipula o valor.<\/p>\n<p>Desde que foi anunciado, em agosto de 2018 pelo Inter, Guerrero passou por momentos de \u201cpesadelo\u201d at\u00e9 ser destaque no time. Oito dias ap\u00f3s a apresenta\u00e7\u00e3o no Beira-Rio, Guerrero teve o direito de jogar suspenso. Uma decis\u00e3o da Justi\u00e7a su\u00ed\u00e7a revogou a liminar que permitia a atua\u00e7\u00e3o do jogador. A partir dali, iniciou-se a busca do jogador para provar sua inoc\u00eancia e retomar o direito de voltar a jogar futebol. Mas os recursos n\u00e3o foram aceitos. Paolo Guerrero precisou cumprir a puni\u00e7\u00e3o inicial de 14 meses aplicadas pelo TAS e s\u00f3 voltou aos gramados em abril deste ano.<\/p>\n<p>Depois de ficar meses longe de seu oficio, Guerrero entrou em campo no dia 6 de abril. Logo na data em que o est\u00e1dio colorado completava 50 anos, o camisa 9 estreou pelo Inter e de cara marcou seu primeiro gol, que colocou o time na final do Campeonato Ga\u00facho. De l\u00e1 para c\u00e1, s\u00e3o 41 jogos e 20 gols marcados.<\/p>\n<hr \/>\n<h6><strong>Foto: Instagram<\/strong><\/h6>\n<p><center><iframe loading=\"lazy\" class=\"jmvplayer\" src=\"https:\/\/player.jmvstream.com\/lvw\/YYGWo5wfZuZ8fEW7Qoq1ISwhLSEDhU\" allowfullscreen allow=\"autoplay; fullscreen\" frameborder=\"0\" width=\"640\" height=\"360\" ><\/iframe><\/center><\/p>\n<\/div><\/div>","protected":false},"excerpt":{"rendered":"<p>O jogador Paolo Guerrero tem declarado que o seu desejo \u00e9 seguir no Inter em 2020. O peruano, que estava no alvo do Boca Juniors, negou ter recebido proposta do clube xeneize e indicou a perman\u00eancia em Porto Alegre. A declara\u00e7\u00e3o do jogador ocorreu durante o Lance de Craque, evento beneficente que ocorreu no Beira-Rio, [&hellip;]<\/p>\n","protected":false},"author":4,"featured_media":26882,"comment_status":"open","ping_status":"open","sticky":false,"template":"","format":"standard","meta":{"footnotes":""},"categories":[1],"tags":[],"class_list":["post-26881","post","type-post","status-publish","format-standard","has-post-thumbnail","hentry","category-sem-categoria"],"_links":{"self":[{"href":"https:\/\/sol.fm.br\/radio\/wp-json\/wp\/v2\/posts\/26881","targetHints":{"allow":["GET"]}}],"collection":[{"href":"https:\/\/sol.fm.br\/radio\/wp-json\/wp\/v2\/posts"}],"about":[{"href":"https:\/\/sol.fm.br\/radio\/wp-json\/wp\/v2\/types\/post"}],"author":[{"embeddable":true,"href":"https:\/\/sol.fm.br\/radio\/wp-json\/wp\/v2\/users\/4"}],"replies":[{"embeddable":true,"href":"https:\/\/sol.fm.br\/radio\/wp-json\/wp\/v2\/comments?post=26881"}],"version-history":[{"count":1,"href":"https:\/\/sol.fm.br\/radio\/wp-json\/wp\/v2\/posts\/26881\/revisions"}],"predecessor-version":[{"id":26883,"href":"https:\/\/sol.fm.br\/radio\/wp-json\/wp\/v2\/posts\/26881\/revisions\/26883"}],"wp:featuredmedia":[{"embeddable":true,"href":"https:\/\/sol.fm.br\/radio\/wp-json\/wp\/v2\/media\/26882"}],"wp:attachment":[{"href":"https:\/\/sol.fm.br\/radio\/wp-json\/wp\/v2\/media?parent=26881"}],"wp:term":[{"taxonomy":"category","embeddable":true,"href":"https:\/\/sol.fm.br\/radio\/wp-json\/wp\/v2\/categories?post=26881"},{"taxonomy":"post_tag","embeddable":true,"href":"https:\/\/sol.fm.br\/radio\/wp-json\/wp\/v2\/tags?post=26881"}],"curies":[{"name":"wp","href":"https:\/\/api.w.org\/{rel}","templated":true}]}}