{"id":26884,"date":"2019-12-24T11:01:05","date_gmt":"2019-12-24T13:01:05","guid":{"rendered":"http:\/\/sol.fm.br\/radio\/?p=26884"},"modified":"2019-12-24T11:01:05","modified_gmt":"2019-12-24T13:01:05","slug":"tata-werneck-reune-celebridades-durante-festa-do-amigo-oculto-de-natal","status":"publish","type":"post","link":"https:\/\/sol.fm.br\/radio\/tata-werneck-reune-celebridades-durante-festa-do-amigo-oculto-de-natal\/","title":{"rendered":"Tat\u00e1 Werneck re\u00fane celebridades durante festa do amigo oculto de Natal"},"content":{"rendered":"<div id=\"dslc-theme-content\"><div id=\"dslc-theme-content-inner\"><p>A atriz e apresentador Tat\u00e1 Werneck, que est\u00e1 em fase de licen\u00e7a-maternidade ap\u00f3s o nascimento da primeira filha, Clara Maria, fruto do seu relacionamento com Rafael Vitti, t\u00eam aproveitado dos momentos para poder reunir as pessoas que ama em sua pr\u00f3pria casa.<\/p>\n<p>Na noite de segunda-feira, 23 de dezembro, ela promoveu um amigo oculto.\u00a0Na ocasi\u00e3o, entre as celebridades presentes, nomes como Bruna Marquezine, Nathalia Dill, Ingrid Guimar\u00e3es, Leticia Colin, Deborah Secco, Leticia Spiller, Tain\u00e1 M\u00fcller, Michel Melamed, Pablo San\u00e1bio e Johnny Massaro foram uns dos nomes que marcaram presen\u00e7a.<\/p>\n<p><img loading=\"lazy\" decoding=\"async\" class=\"size-medium wp-image-26886 alignleft\" src=\"http:\/\/sol.fm.br\/radio\/wp-content\/uploads\/2019\/12\/jhkjh-400x267.jpg\" alt=\"\" width=\"400\" height=\"267\" srcset=\"https:\/\/sol.fm.br\/radio\/wp-content\/uploads\/2019\/12\/jhkjh-400x267.jpg 400w, https:\/\/sol.fm.br\/radio\/wp-content\/uploads\/2019\/12\/jhkjh-600x400.jpg 600w, https:\/\/sol.fm.br\/radio\/wp-content\/uploads\/2019\/12\/jhkjh.jpg 627w\" sizes=\"auto, (max-width: 400px) 100vw, 400px\" \/>O\u00a0humorista Gabriel Louchard, amigo da comandante do \u2018Lady Night\u2019, brincou com o momento, e por meio do Instagram, no recurso Stories, escreveu: \u201cAmigo oculto Tatal\u00edcio\u201d, disse.<\/p>\n<p>Em seu Instagram, Tat\u00e1, sempre bem humorada, postou uma foto com todos e na legenda escreveu: \"Nosso natal dos amigos! Que s\u00e3o t\u00e3o amigos que n\u00e3o quiseram repetir a fofo que eu sa\u00ed de olho fechado. Vou tentar marcar todo mundo mas vou marcar a @julianapaes tb que n\u00e3o estava mas vcs n\u00e3o v\u00e3o perceber (n\u00e3o tava pq tenho vergonha de chamar pq s\u00f3 a \u00e1rvore de natal dela tem mais luz que meu condom\u00ednio &#x1f62c;&#x1f60b;)\".<\/p>\n<p>A atriz Juliana Paes entrou na brincadeira e respondeu a foto: \"Hahahahahahahahaha hahahahahahahah palha\u00e7a!!!!! Feliz Natal mam\u00e3e que eu amo e sou f\u00e3!!!! &#x2764;&#xfe0f;&#x2764;&#xfe0f;&#x2764;&#xfe0f;&#x1f496;&#x1f496;&#x1f496;&#x1f496;&#x1f338;&#x1f338;&#x1f338;&#x1f339;&#x1f339;&#x1f339;&#x1f339;&#x1f338;&#x1f338;&#x1f338;&#x1f338;&#x1f338;&#x1f339;&#x1f339;&#x1f339;&#x1f339;&#x2764;&#xfe0f;&#x2764;&#xfe0f;&#x2764;&#xfe0f;\".<\/p>\n<hr \/>\n<h6><strong>Fotos: Instagram<\/strong><\/h6>\n<p><center><iframe loading=\"lazy\" class=\"jmvplayer\" src=\"https:\/\/player.jmvstream.com\/lvw\/YYGWo5wfZuZ8fEW7Qoq1ISwhLSEDhU\" allowfullscreen allow=\"autoplay; fullscreen\" frameborder=\"0\" width=\"640\" height=\"360\" ><\/iframe><\/center><\/p>\n<\/div><\/div>","protected":false},"excerpt":{"rendered":"<p>A atriz e apresentador Tat\u00e1 Werneck, que est\u00e1 em fase de licen\u00e7a-maternidade ap\u00f3s o nascimento da primeira filha, Clara Maria, fruto do seu relacionamento com Rafael Vitti, t\u00eam aproveitado dos momentos para poder reunir as pessoas que ama em sua pr\u00f3pria casa. Na noite de segunda-feira, 23 de dezembro, ela promoveu um amigo oculto.\u00a0Na ocasi\u00e3o, [&hellip;]<\/p>\n","protected":false},"author":4,"featured_media":26885,"comment_status":"open","ping_status":"open","sticky":false,"template":"","format":"standard","meta":{"footnotes":""},"categories":[1],"tags":[],"class_list":["post-26884","post","type-post","status-publish","format-standard","has-post-thumbnail","hentry","category-sem-categoria"],"_links":{"self":[{"href":"https:\/\/sol.fm.br\/radio\/wp-json\/wp\/v2\/posts\/26884","targetHints":{"allow":["GET"]}}],"collection":[{"href":"https:\/\/sol.fm.br\/radio\/wp-json\/wp\/v2\/posts"}],"about":[{"href":"https:\/\/sol.fm.br\/radio\/wp-json\/wp\/v2\/types\/post"}],"author":[{"embeddable":true,"href":"https:\/\/sol.fm.br\/radio\/wp-json\/wp\/v2\/users\/4"}],"replies":[{"embeddable":true,"href":"https:\/\/sol.fm.br\/radio\/wp-json\/wp\/v2\/comments?post=26884"}],"version-history":[{"count":1,"href":"https:\/\/sol.fm.br\/radio\/wp-json\/wp\/v2\/posts\/26884\/revisions"}],"predecessor-version":[{"id":26887,"href":"https:\/\/sol.fm.br\/radio\/wp-json\/wp\/v2\/posts\/26884\/revisions\/26887"}],"wp:featuredmedia":[{"embeddable":true,"href":"https:\/\/sol.fm.br\/radio\/wp-json\/wp\/v2\/media\/26885"}],"wp:attachment":[{"href":"https:\/\/sol.fm.br\/radio\/wp-json\/wp\/v2\/media?parent=26884"}],"wp:term":[{"taxonomy":"category","embeddable":true,"href":"https:\/\/sol.fm.br\/radio\/wp-json\/wp\/v2\/categories?post=26884"},{"taxonomy":"post_tag","embeddable":true,"href":"https:\/\/sol.fm.br\/radio\/wp-json\/wp\/v2\/tags?post=26884"}],"curies":[{"name":"wp","href":"https:\/\/api.w.org\/{rel}","templated":true}]}}