{"id":26888,"date":"2019-12-24T11:20:19","date_gmt":"2019-12-24T13:20:19","guid":{"rendered":"http:\/\/sol.fm.br\/radio\/?p=26888"},"modified":"2019-12-24T11:20:19","modified_gmt":"2019-12-24T13:20:19","slug":"cantora-lexa-tem-casa-inundada-por-chuva-e-lamenta","status":"publish","type":"post","link":"https:\/\/sol.fm.br\/radio\/cantora-lexa-tem-casa-inundada-por-chuva-e-lamenta\/","title":{"rendered":"Cantora Lexa tem casa inundada por chuva e lamenta"},"content":{"rendered":"<div id=\"dslc-theme-content\"><div id=\"dslc-theme-content-inner\"><p>Na tarde de segunda-feira, 23 de dezembro, a funkeira Lexa passou um sufoco daqueles. A cantora teve a casa que mora com o marido, MC Guim\u00ea, em S\u00e3o Paulo, inundada com a \u00e1gua da chuva. O casal mora em uma mans\u00e3 no bairro nobre de Alphaville, na Regi\u00e3o Metropolitana de S\u00e3o Paulo.<\/p>\n<p><img loading=\"lazy\" decoding=\"async\" class=\" wp-image-26890 alignleft\" src=\"http:\/\/sol.fm.br\/radio\/wp-content\/uploads\/2019\/12\/popoppoi-223x400.jpg\" alt=\"\" width=\"174\" height=\"312\" srcset=\"https:\/\/sol.fm.br\/radio\/wp-content\/uploads\/2019\/12\/popoppoi-223x400.jpg 223w, https:\/\/sol.fm.br\/radio\/wp-content\/uploads\/2019\/12\/popoppoi.jpg 343w\" sizes=\"auto, (max-width: 174px) 100vw, 174px\" \/>Devido as fortes chuvas da capital paulista, a funkeira acabou tendo alguns m\u00f3veis danificados, devido a quantidade de \u00e1gua que entrou em sua casa.<\/p>\n<p>A funkeira ainda lamentou, lembrando que outras pessoas est\u00e3o em situa\u00e7\u00f5es mais complicadas. \u201cImagina as outras pessoas, cujas casas n\u00e3o s\u00e3o estruturadas. Eu s\u00f3 consigo pensar nas outras pessoas. Eu sou o de menos\u201d, disse.<\/p>\n<p>Ela seguiu contando mais sobre a saga para limpar a casa. \u201cA gente j\u00e1 secou a sala inteira. \u00c9 engra\u00e7ada a nossa correria aqui, mas, sendo sincera, molhou meu sof\u00e1 inteiro. Acho que eu perdi um m\u00f3vel ali. \u00c9 de madeira e encosta no ch\u00e3o\u201d, revelou a cantora.<\/p>\n<hr \/>\n<h6><strong>Fotos: Instagram<\/strong><\/h6>\n<p><center><iframe loading=\"lazy\" class=\"jmvplayer\" src=\"https:\/\/player.jmvstream.com\/lvw\/YYGWo5wfZuZ8fEW7Qoq1ISwhLSEDhU\" allowfullscreen allow=\"autoplay; fullscreen\" frameborder=\"0\" width=\"640\" height=\"360\" ><\/iframe><\/center><\/p>\n<\/div><\/div>","protected":false},"excerpt":{"rendered":"<p>Na tarde de segunda-feira, 23 de dezembro, a funkeira Lexa passou um sufoco daqueles. A cantora teve a casa que mora com o marido, MC Guim\u00ea, em S\u00e3o Paulo, inundada com a \u00e1gua da chuva. O casal mora em uma mans\u00e3 no bairro nobre de Alphaville, na Regi\u00e3o Metropolitana de S\u00e3o Paulo. Devido as fortes [&hellip;]<\/p>\n","protected":false},"author":4,"featured_media":26889,"comment_status":"open","ping_status":"open","sticky":false,"template":"","format":"standard","meta":{"footnotes":""},"categories":[1],"tags":[],"class_list":["post-26888","post","type-post","status-publish","format-standard","has-post-thumbnail","hentry","category-sem-categoria"],"_links":{"self":[{"href":"https:\/\/sol.fm.br\/radio\/wp-json\/wp\/v2\/posts\/26888","targetHints":{"allow":["GET"]}}],"collection":[{"href":"https:\/\/sol.fm.br\/radio\/wp-json\/wp\/v2\/posts"}],"about":[{"href":"https:\/\/sol.fm.br\/radio\/wp-json\/wp\/v2\/types\/post"}],"author":[{"embeddable":true,"href":"https:\/\/sol.fm.br\/radio\/wp-json\/wp\/v2\/users\/4"}],"replies":[{"embeddable":true,"href":"https:\/\/sol.fm.br\/radio\/wp-json\/wp\/v2\/comments?post=26888"}],"version-history":[{"count":1,"href":"https:\/\/sol.fm.br\/radio\/wp-json\/wp\/v2\/posts\/26888\/revisions"}],"predecessor-version":[{"id":26891,"href":"https:\/\/sol.fm.br\/radio\/wp-json\/wp\/v2\/posts\/26888\/revisions\/26891"}],"wp:featuredmedia":[{"embeddable":true,"href":"https:\/\/sol.fm.br\/radio\/wp-json\/wp\/v2\/media\/26889"}],"wp:attachment":[{"href":"https:\/\/sol.fm.br\/radio\/wp-json\/wp\/v2\/media?parent=26888"}],"wp:term":[{"taxonomy":"category","embeddable":true,"href":"https:\/\/sol.fm.br\/radio\/wp-json\/wp\/v2\/categories?post=26888"},{"taxonomy":"post_tag","embeddable":true,"href":"https:\/\/sol.fm.br\/radio\/wp-json\/wp\/v2\/tags?post=26888"}],"curies":[{"name":"wp","href":"https:\/\/api.w.org\/{rel}","templated":true}]}}