{"id":26895,"date":"2019-12-24T14:52:19","date_gmt":"2019-12-24T16:52:19","guid":{"rendered":"http:\/\/sol.fm.br\/radio\/?p=26895"},"modified":"2019-12-24T14:52:19","modified_gmt":"2019-12-24T16:52:19","slug":"natal-leva-cultura-e-diversao-a-populacao-em-sapiranga","status":"publish","type":"post","link":"https:\/\/sol.fm.br\/radio\/natal-leva-cultura-e-diversao-a-populacao-em-sapiranga\/","title":{"rendered":"Natal leva cultura e divers\u00e3o a popula\u00e7\u00e3o em Sapiranga"},"content":{"rendered":"<div id=\"dslc-theme-content\"><div id=\"dslc-theme-content-inner\"><p><em>Programa\u00e7\u00e3o encerrou no dia 22 de dezembro em a\u00e7\u00e3o realizada em parceria da C\u00e2mara de Dirigentes Lojistas (CDL) de Sapiranga com a Prefeitura de Sapiranga<\/em><\/p>\n<p>A programa\u00e7\u00e3o de Natal levou centenas de pessoas a diversos pontos do munic\u00edpio, onde aconteceram atra\u00e7\u00f5es especiais. O \u00faltimo final de semana reservou um dos pontos altos da grade de programa\u00e7\u00e3o. Na Sexta-feira (20\/12) o palco recebeu a Escola de Dan\u00e7a Athos e os Trovadores de Natal. No s\u00e1bado (21\/12) a Banda Landau, Natal Herta com M\u00fasicos e show de Wilson Paim. O encerramento no domingo foi com The Gurizes, Dan\u00e7as - Muitas Formas de Amar e a dupla Claus e Vanessa.<\/p>\n<p>No final de semana anterior houve a chegada do Papai Noel de Paraglider. A A\u00e7\u00e3o \"Papai NoAr\" faz alus\u00e3o a chegada do bom velhinho com um dos mais famosos esportes praticados no munic\u00edpio. A iniciativa teve o objetivo de trazer alegria, emo\u00e7\u00e3o e divers\u00e3o para as crian\u00e7as. A outra a\u00e7\u00e3o contou, tamb\u00e9m, com um esporte conhecido na regi\u00e3o que \u00e9 o ciclismo, com o Pedal de Natal nos Bairros, promovido no dia 18 de dezembro.<\/p>\n<p>- Passamos em todos locais da cidade e distribu\u00edmos balas para toda a crian\u00e7ada. Esta sensa\u00e7\u00e3o \u00e9 indescrit\u00edvel de proporcionar alegria para as crian\u00e7as - relatou o fundador da a\u00e7\u00e3o, Francis Weber.<\/p>\n<p>As atividades paralelas como a Casa do Papai Noel, a \u00c1rvore da Gratid\u00e3o e o artesanato tamb\u00e9m foram atra\u00e7\u00f5es permanentes do Natal na Pra\u00e7a. A festividade foi uma realiza\u00e7\u00e3o da C\u00e2mara de Dirigentes Lojistas (CDL) de Sapiranga e Prefeitura de Sapiranga com produ\u00e7\u00e3o da Um Cultural.<\/p>\n<hr \/>\n<h6><strong>Reda\u00e7\u00e3o: Marcelo Matusiak<\/strong><br \/>\n<strong>Coordena\u00e7\u00e3o: Marcelo Matusiak<\/strong><\/h6>\n<p><center><iframe loading=\"lazy\" class=\"jmvplayer\" src=\"https:\/\/player.jmvstream.com\/lvw\/YYGWo5wfZuZ8fEW7Qoq1ISwhLSEDhU\" allowfullscreen allow=\"autoplay; fullscreen\" frameborder=\"0\" width=\"640\" height=\"360\" ><\/iframe><\/center><\/p>\n<\/div><\/div>","protected":false},"excerpt":{"rendered":"<p>Programa\u00e7\u00e3o encerrou no dia 22 de dezembro em a\u00e7\u00e3o realizada em parceria da C\u00e2mara de Dirigentes Lojistas (CDL) de Sapiranga com a Prefeitura de Sapiranga A programa\u00e7\u00e3o de Natal levou centenas de pessoas a diversos pontos do munic\u00edpio, onde aconteceram atra\u00e7\u00f5es especiais. O \u00faltimo final de semana reservou um dos pontos altos da grade de [&hellip;]<\/p>\n","protected":false},"author":4,"featured_media":26896,"comment_status":"open","ping_status":"open","sticky":false,"template":"","format":"standard","meta":{"footnotes":""},"categories":[1],"tags":[],"class_list":["post-26895","post","type-post","status-publish","format-standard","has-post-thumbnail","hentry","category-sem-categoria"],"_links":{"self":[{"href":"https:\/\/sol.fm.br\/radio\/wp-json\/wp\/v2\/posts\/26895","targetHints":{"allow":["GET"]}}],"collection":[{"href":"https:\/\/sol.fm.br\/radio\/wp-json\/wp\/v2\/posts"}],"about":[{"href":"https:\/\/sol.fm.br\/radio\/wp-json\/wp\/v2\/types\/post"}],"author":[{"embeddable":true,"href":"https:\/\/sol.fm.br\/radio\/wp-json\/wp\/v2\/users\/4"}],"replies":[{"embeddable":true,"href":"https:\/\/sol.fm.br\/radio\/wp-json\/wp\/v2\/comments?post=26895"}],"version-history":[{"count":1,"href":"https:\/\/sol.fm.br\/radio\/wp-json\/wp\/v2\/posts\/26895\/revisions"}],"predecessor-version":[{"id":26897,"href":"https:\/\/sol.fm.br\/radio\/wp-json\/wp\/v2\/posts\/26895\/revisions\/26897"}],"wp:featuredmedia":[{"embeddable":true,"href":"https:\/\/sol.fm.br\/radio\/wp-json\/wp\/v2\/media\/26896"}],"wp:attachment":[{"href":"https:\/\/sol.fm.br\/radio\/wp-json\/wp\/v2\/media?parent=26895"}],"wp:term":[{"taxonomy":"category","embeddable":true,"href":"https:\/\/sol.fm.br\/radio\/wp-json\/wp\/v2\/categories?post=26895"},{"taxonomy":"post_tag","embeddable":true,"href":"https:\/\/sol.fm.br\/radio\/wp-json\/wp\/v2\/tags?post=26895"}],"curies":[{"name":"wp","href":"https:\/\/api.w.org\/{rel}","templated":true}]}}