{"id":26901,"date":"2019-12-24T15:02:47","date_gmt":"2019-12-24T17:02:47","guid":{"rendered":"http:\/\/sol.fm.br\/radio\/?p=26901"},"modified":"2019-12-24T15:03:26","modified_gmt":"2019-12-24T17:03:26","slug":"sobe-para-sete-o-numero-de-mortos-em-deslizamento-em-recife","status":"publish","type":"post","link":"https:\/\/sol.fm.br\/radio\/sobe-para-sete-o-numero-de-mortos-em-deslizamento-em-recife\/","title":{"rendered":"Sobe para sete o n\u00famero de mortos em deslizamento em Recife"},"content":{"rendered":"<div id=\"dslc-theme-content\"><div id=\"dslc-theme-content-inner\"><p>Na manh\u00e3 desta ter\u00e7a-feira, 24 de dezembro, um deslizamento de terra deixou pelo menos sete pessoas mortas na regi\u00e3o do C\u00f3rrego do Morcego, no bairro Dois Irm\u00e3os, em Recife, no estado de Pernambuco. Conforme informa\u00e7\u00f5es do Corpo de Bombeiros, a trag\u00e9dia deixou um total de 10 v\u00edtimas.<\/p>\n<p>Por volta das 2h55 da madrugada o Corpo de Bombeiros foi acionado e chegou ao local do deslizamento \u00e0s 3h12.\u00a0 Inicialmente o n\u00famero era de cinco mortos, mas outros dois corpos foram localizados no final da manh\u00e3, segundo informa o governo do Estado de Pernambuco. Os bombeiros ainda trabalham no resgate dessas duas v\u00edtimas fatais.<\/p>\n<p>Entre os mortos, cinco pessoas da mesma fam\u00edlia morreram. Entre elas, tr\u00eas adultos, uma crian\u00e7a e um beb\u00ea de dois meses. Duas v\u00edtimas foram socorridas e levadas para a Unidade de Pronto Atendimento da cidade e uma encaminhada para o Hospital da Restaura\u00e7\u00e3o. Os Bombeiros buscam duas mulheres desaparecidas sob os escombros.<\/p>\n<p>Os bombeiros informaram ainda que utilizam c\u00e3es farejadores para o resgate das v\u00edtimas e devem permanecer no local at\u00e9 que a \u00faltima v\u00edtima seja encontrada. O deslizamento ocorreu ap\u00f3s a queda de uma barreira que atingiu duas casas na regi\u00e3o. Uma ficou totalmente destru\u00edda e outra, parcialmente.<\/p>\n<hr \/>\n<p>&nbsp;<\/p>\n<p><center><iframe loading=\"lazy\" class=\"jmvplayer\" src=\"https:\/\/player.jmvstream.com\/lvw\/YYGWo5wfZuZ8fEW7Qoq1ISwhLSEDhU\" allowfullscreen allow=\"autoplay; fullscreen\" frameborder=\"0\" width=\"640\" height=\"360\" ><\/iframe><\/center><\/p>\n<\/div><\/div>","protected":false},"excerpt":{"rendered":"<p>Na manh\u00e3 desta ter\u00e7a-feira, 24 de dezembro, um deslizamento de terra deixou pelo menos sete pessoas mortas na regi\u00e3o do C\u00f3rrego do Morcego, no bairro Dois Irm\u00e3os, em Recife, no estado de Pernambuco. Conforme informa\u00e7\u00f5es do Corpo de Bombeiros, a trag\u00e9dia deixou um total de 10 v\u00edtimas. Por volta das 2h55 da madrugada o Corpo [&hellip;]<\/p>\n","protected":false},"author":4,"featured_media":26902,"comment_status":"open","ping_status":"open","sticky":false,"template":"","format":"standard","meta":{"footnotes":""},"categories":[1],"tags":[],"class_list":["post-26901","post","type-post","status-publish","format-standard","has-post-thumbnail","hentry","category-sem-categoria"],"_links":{"self":[{"href":"https:\/\/sol.fm.br\/radio\/wp-json\/wp\/v2\/posts\/26901","targetHints":{"allow":["GET"]}}],"collection":[{"href":"https:\/\/sol.fm.br\/radio\/wp-json\/wp\/v2\/posts"}],"about":[{"href":"https:\/\/sol.fm.br\/radio\/wp-json\/wp\/v2\/types\/post"}],"author":[{"embeddable":true,"href":"https:\/\/sol.fm.br\/radio\/wp-json\/wp\/v2\/users\/4"}],"replies":[{"embeddable":true,"href":"https:\/\/sol.fm.br\/radio\/wp-json\/wp\/v2\/comments?post=26901"}],"version-history":[{"count":2,"href":"https:\/\/sol.fm.br\/radio\/wp-json\/wp\/v2\/posts\/26901\/revisions"}],"predecessor-version":[{"id":26904,"href":"https:\/\/sol.fm.br\/radio\/wp-json\/wp\/v2\/posts\/26901\/revisions\/26904"}],"wp:featuredmedia":[{"embeddable":true,"href":"https:\/\/sol.fm.br\/radio\/wp-json\/wp\/v2\/media\/26902"}],"wp:attachment":[{"href":"https:\/\/sol.fm.br\/radio\/wp-json\/wp\/v2\/media?parent=26901"}],"wp:term":[{"taxonomy":"category","embeddable":true,"href":"https:\/\/sol.fm.br\/radio\/wp-json\/wp\/v2\/categories?post=26901"},{"taxonomy":"post_tag","embeddable":true,"href":"https:\/\/sol.fm.br\/radio\/wp-json\/wp\/v2\/tags?post=26901"}],"curies":[{"name":"wp","href":"https:\/\/api.w.org\/{rel}","templated":true}]}}