{"id":26905,"date":"2019-12-24T15:24:09","date_gmt":"2019-12-24T17:24:09","guid":{"rendered":"http:\/\/sol.fm.br\/radio\/?p=26905"},"modified":"2019-12-24T15:24:09","modified_gmt":"2019-12-24T17:24:09","slug":"apos-queda-bolsonaro-cita-trecho-biblico-sobre-ter-apoio-para-se-levantar","status":"publish","type":"post","link":"https:\/\/sol.fm.br\/radio\/apos-queda-bolsonaro-cita-trecho-biblico-sobre-ter-apoio-para-se-levantar\/","title":{"rendered":"Ap\u00f3s queda, Bolsonaro cita trecho b\u00edblico sobre ter apoio para se levantar"},"content":{"rendered":"<div id=\"dslc-theme-content\"><div id=\"dslc-theme-content-inner\"><p>O Presidente Jair Bolsonaro, ap\u00f3s sofrer uma queda no Pal\u00e1cio da Alvorada, publicou uma passagem b\u00edblica sobre o assunto no seu Twitter e no seu Instagram, mas sem citar o epis\u00f3dio diretamente. A mensagem foi divulgada horas depois de Bolsonaro receber alta hospitalar e voltar para a resid\u00eancia oficial da presid\u00eancia, onde ter\u00e1 que fazer repouso por orienta\u00e7\u00e3o m\u00e9dica.<\/p>\n<p><img loading=\"lazy\" decoding=\"async\" class=\"size-medium wp-image-26908 alignleft\" src=\"http:\/\/sol.fm.br\/radio\/wp-content\/uploads\/2019\/12\/p\u00e7p\u00e7p\u00e7-400x222.jpg\" alt=\"\" width=\"400\" height=\"222\" srcset=\"https:\/\/sol.fm.br\/radio\/wp-content\/uploads\/2019\/12\/p\u00e7p\u00e7p\u00e7-400x222.jpg 400w, https:\/\/sol.fm.br\/radio\/wp-content\/uploads\/2019\/12\/p\u00e7p\u00e7p\u00e7.jpg 594w\" sizes=\"auto, (max-width: 400px) 100vw, 400px\" \/>\u201cPorque se um cair, o outro levanta o seu companheiro; mas ai do que estiver s\u00f3; pois, caindo, n\u00e3o haver\u00e1 outro que o levante. Eclesiastes 4:10\u201d, escreveu o presidente.<\/p>\n<p>Bolsonaro disse, ainda, que o futuro do Pa\u00eds depende de todos e que a popula\u00e7\u00e3o n\u00e3o deve cobrar solu\u00e7\u00f5es \u201cde uma \u00fanica pessoa\u201d. \u201cO futuro do Brasil depende do esfor\u00e7o de cada um de n\u00f3s. N\u00e3o cobre, de uma \u00fanica pessoa, a solu\u00e7\u00e3o do que foi destru\u00eddo, por d\u00e9cadas, pela a\u00e7\u00e3o dos maus e omiss\u00e3o dos bons\u201d, afirmou na rede social.<\/p>\n<p><strong>Acidente<\/strong><\/p>\n<p>Ap\u00f3s sofrer uma queda na noite de segunda-feira, 23 de dezembro, Bolsonaro passou a noite em observa\u00e7\u00e3o. De acordo com nota emitida pelo Pal\u00e1cio do Planalto, o presidente foi atendido pela equipe m\u00e9dica da Presid\u00eancia da Rep\u00fablica e levado ao HFA (Hospital das For\u00e7as Armadas).<\/p>\n<p>Ele foi submetido a um exame de tomografia computadorizada do cr\u00e2nio, que n\u00e3o detectou altera\u00e7\u00f5es, e passou a noite bem. O presidente recebeu alta na manh\u00e3 desta ter\u00e7a-feira, 24 de dezembro.<\/p>\n<hr \/>\n<h6><strong>Fotos: Instagram\/Twitter<\/strong><\/h6>\n<p><center><iframe loading=\"lazy\" class=\"jmvplayer\" src=\"https:\/\/player.jmvstream.com\/lvw\/YYGWo5wfZuZ8fEW7Qoq1ISwhLSEDhU\" allowfullscreen allow=\"autoplay; fullscreen\" frameborder=\"0\" width=\"640\" height=\"360\" ><\/iframe><\/center><\/p>\n<\/div><\/div>","protected":false},"excerpt":{"rendered":"<p>O Presidente Jair Bolsonaro, ap\u00f3s sofrer uma queda no Pal\u00e1cio da Alvorada, publicou uma passagem b\u00edblica sobre o assunto no seu Twitter e no seu Instagram, mas sem citar o epis\u00f3dio diretamente. A mensagem foi divulgada horas depois de Bolsonaro receber alta hospitalar e voltar para a resid\u00eancia oficial da presid\u00eancia, onde ter\u00e1 que fazer [&hellip;]<\/p>\n","protected":false},"author":4,"featured_media":26907,"comment_status":"open","ping_status":"open","sticky":false,"template":"","format":"standard","meta":{"footnotes":""},"categories":[1],"tags":[],"class_list":["post-26905","post","type-post","status-publish","format-standard","has-post-thumbnail","hentry","category-sem-categoria"],"_links":{"self":[{"href":"https:\/\/sol.fm.br\/radio\/wp-json\/wp\/v2\/posts\/26905","targetHints":{"allow":["GET"]}}],"collection":[{"href":"https:\/\/sol.fm.br\/radio\/wp-json\/wp\/v2\/posts"}],"about":[{"href":"https:\/\/sol.fm.br\/radio\/wp-json\/wp\/v2\/types\/post"}],"author":[{"embeddable":true,"href":"https:\/\/sol.fm.br\/radio\/wp-json\/wp\/v2\/users\/4"}],"replies":[{"embeddable":true,"href":"https:\/\/sol.fm.br\/radio\/wp-json\/wp\/v2\/comments?post=26905"}],"version-history":[{"count":1,"href":"https:\/\/sol.fm.br\/radio\/wp-json\/wp\/v2\/posts\/26905\/revisions"}],"predecessor-version":[{"id":26909,"href":"https:\/\/sol.fm.br\/radio\/wp-json\/wp\/v2\/posts\/26905\/revisions\/26909"}],"wp:featuredmedia":[{"embeddable":true,"href":"https:\/\/sol.fm.br\/radio\/wp-json\/wp\/v2\/media\/26907"}],"wp:attachment":[{"href":"https:\/\/sol.fm.br\/radio\/wp-json\/wp\/v2\/media?parent=26905"}],"wp:term":[{"taxonomy":"category","embeddable":true,"href":"https:\/\/sol.fm.br\/radio\/wp-json\/wp\/v2\/categories?post=26905"},{"taxonomy":"post_tag","embeddable":true,"href":"https:\/\/sol.fm.br\/radio\/wp-json\/wp\/v2\/tags?post=26905"}],"curies":[{"name":"wp","href":"https:\/\/api.w.org\/{rel}","templated":true}]}}