{"id":26910,"date":"2019-12-26T10:02:41","date_gmt":"2019-12-26T12:02:41","guid":{"rendered":"http:\/\/sol.fm.br\/radio\/?p=26910"},"modified":"2019-12-26T10:02:41","modified_gmt":"2019-12-26T12:02:41","slug":"onda-de-calor-causara-sequencia-de-dias-com-temperaturas-extremas","status":"publish","type":"post","link":"https:\/\/sol.fm.br\/radio\/onda-de-calor-causara-sequencia-de-dias-com-temperaturas-extremas\/","title":{"rendered":"Onda de calor causar\u00e1 sequ\u00eancia de dias com temperaturas extremas"},"content":{"rendered":"<div id=\"dslc-theme-content\"><div id=\"dslc-theme-content-inner\"><p>A meteorologia adverte que o forte calor que ocorreu na quarta-feira, 25 de dezembro, foi apenas uma pr\u00e9via do que ser\u00e1 os pr\u00f3ximos dias. A partir desta quinta, 26 de dezembro, as m\u00e1ximas sobem mais e se mant\u00eam pr\u00f3ximas dos 40\u00b0C ao longo dos pr\u00f3ximos dias.<\/p>\n<p>No dia de hoje, 26 de dezembro, o sol perdomina, mas com nuvens, em todas as regi\u00f5es ga\u00fachas. No Centro, Oeste e Sul pode ter chuva localizada da tarde pra noite. Devido ao ar quente, temporais isolados n\u00e3o s\u00e3o descartados nessas regi\u00f5es. Porto Alegre ter\u00e1 uma jornada ensolarada, com temperaturas variando entre 22\u00b0C e 39\u00b0C.<\/p>\n<p><strong>Onda de calor<\/strong><\/p>\n<p>A atual onda de calor dever\u00e1 ser atipicamente longa, uma das mais intensas da hist\u00f3ria recente e com potencial de se aproximar ou bater recordes hist\u00f3ricos. O Rio Grande do Sul vai ter at\u00e9 a metade da pr\u00f3xima semana uma sequ\u00eancia de dias com marcas perto ou acima de 40\u00b0C.<\/p>\n<p>Isso \u00e9 consequ\u00eancia de verdadeira \u201cbolha de calor\u201d. Chuva nesse per\u00edodo, se houver, ser\u00e1 muito irregular e isolada que n\u00e3o chega a afetar todos pontos. No entanto, h\u00e1 o risco de fen\u00f4menos severos e com estragos.<\/p>\n<p>Como grande parte do Rio Grande do Sul j\u00e1 enfrenta um dezembro de chuva abaixo da m\u00e9dia, o calor castigar\u00e1 ainda o campo, como o cultivo do milho, que j\u00e1 sofre com perdas, e atingir\u00e1 tamb\u00e9m a soja.<\/p>\n<hr \/>\n<p>&nbsp;<\/p>\n<p><center><iframe loading=\"lazy\" class=\"jmvplayer\" src=\"https:\/\/player.jmvstream.com\/lvw\/YYGWo5wfZuZ8fEW7Qoq1ISwhLSEDhU\" allowfullscreen allow=\"autoplay; fullscreen\" frameborder=\"0\" width=\"640\" height=\"360\" ><\/iframe><\/center><\/p>\n<\/div><\/div>","protected":false},"excerpt":{"rendered":"<p>A meteorologia adverte que o forte calor que ocorreu na quarta-feira, 25 de dezembro, foi apenas uma pr\u00e9via do que ser\u00e1 os pr\u00f3ximos dias. A partir desta quinta, 26 de dezembro, as m\u00e1ximas sobem mais e se mant\u00eam pr\u00f3ximas dos 40\u00b0C ao longo dos pr\u00f3ximos dias. No dia de hoje, 26 de dezembro, o sol [&hellip;]<\/p>\n","protected":false},"author":4,"featured_media":26911,"comment_status":"open","ping_status":"open","sticky":false,"template":"","format":"standard","meta":{"footnotes":""},"categories":[1],"tags":[],"class_list":["post-26910","post","type-post","status-publish","format-standard","has-post-thumbnail","hentry","category-sem-categoria"],"_links":{"self":[{"href":"https:\/\/sol.fm.br\/radio\/wp-json\/wp\/v2\/posts\/26910","targetHints":{"allow":["GET"]}}],"collection":[{"href":"https:\/\/sol.fm.br\/radio\/wp-json\/wp\/v2\/posts"}],"about":[{"href":"https:\/\/sol.fm.br\/radio\/wp-json\/wp\/v2\/types\/post"}],"author":[{"embeddable":true,"href":"https:\/\/sol.fm.br\/radio\/wp-json\/wp\/v2\/users\/4"}],"replies":[{"embeddable":true,"href":"https:\/\/sol.fm.br\/radio\/wp-json\/wp\/v2\/comments?post=26910"}],"version-history":[{"count":1,"href":"https:\/\/sol.fm.br\/radio\/wp-json\/wp\/v2\/posts\/26910\/revisions"}],"predecessor-version":[{"id":26912,"href":"https:\/\/sol.fm.br\/radio\/wp-json\/wp\/v2\/posts\/26910\/revisions\/26912"}],"wp:featuredmedia":[{"embeddable":true,"href":"https:\/\/sol.fm.br\/radio\/wp-json\/wp\/v2\/media\/26911"}],"wp:attachment":[{"href":"https:\/\/sol.fm.br\/radio\/wp-json\/wp\/v2\/media?parent=26910"}],"wp:term":[{"taxonomy":"category","embeddable":true,"href":"https:\/\/sol.fm.br\/radio\/wp-json\/wp\/v2\/categories?post=26910"},{"taxonomy":"post_tag","embeddable":true,"href":"https:\/\/sol.fm.br\/radio\/wp-json\/wp\/v2\/tags?post=26910"}],"curies":[{"name":"wp","href":"https:\/\/api.w.org\/{rel}","templated":true}]}}