{"id":26918,"date":"2019-12-26T10:20:11","date_gmt":"2019-12-26T12:20:11","guid":{"rendered":"http:\/\/sol.fm.br\/radio\/?p=26918"},"modified":"2019-12-26T10:20:11","modified_gmt":"2019-12-26T12:20:11","slug":"aguas-vivas-causam-mais-de-23-mil-casos-de-queimaduras-em-cinco-dias-no-litoral","status":"publish","type":"post","link":"https:\/\/sol.fm.br\/radio\/aguas-vivas-causam-mais-de-23-mil-casos-de-queimaduras-em-cinco-dias-no-litoral\/","title":{"rendered":"\u00c1guas-vivas causam mais de 2,3 mil casos de queimaduras em cinco dias, no Litoral"},"content":{"rendered":"<div id=\"dslc-theme-content\"><div id=\"dslc-theme-content-inner\"><p>No litoral ga\u00facho \u00e9 comum vermos veranistas desviando de m\u00e3es d\u2019\u00e1gua mortas nas areias. Mas a preocupa\u00e7\u00e3o maior \u00e9 quando est\u00e3o na \u00e1gua e bem vivas. De acordo com o Corpo de Bombeiros Militar do RS (CBMRS), desde o in\u00edcio da opera\u00e7\u00e3o RS Ver\u00e3o Total, no s\u00e1bado, 21 de dezembro, at\u00e9 a tarde de quarta-feira, 25 de dezembro, 2,3 mil pessoas sofreram queimaduras por contato com os animais marinhos, tamb\u00e9m chamados de medusas.<\/p>\n<p>O major Isandr\u00e9 Antunes, chefe da assessoria de opera\u00e7\u00f5es do RS Ver\u00e3o Total, diz que o n\u00famero \u00e9 um pouco menor do que o ano passado, mas dentro do mesmo padr\u00e3o que o mesmo per\u00edodo de 2018. \u201cNa temporada anterior foram, ao todo, 111.417 ocorr\u00eancias relatadas por banhistas\u201d, enumera.<\/p>\n<p>Antunes explica que o fen\u00f4meno \u00e9 geral no Estado, n\u00e3o acontece mais em uma regi\u00e3o espec\u00edfica.\u00a0\u201cOcorrer\u00e1 onde houver mais pessoas nas praias. N\u00e3o d\u00e1 para dizer que h\u00e1 uma concentra\u00e7\u00e3o maior em determinado ponto, desde que come\u00e7amos a cadastrar este tipo de caso, h\u00e1 tr\u00eas anos\u201d, diz.<\/p>\n<p>Para aqueles que creem na antiga e popular indica\u00e7\u00e3o de colocar urina no local das queimaduras, Antunes rapidamente desmistifica: \u201cA recomenda\u00e7\u00e3o m\u00e9dica \u00e9 vinagre de \u00e1lcool. Se for utilizar gelo, o envolva em saco pl\u00e1stico evitando contato direto sobre a pele. E, tamb\u00e9m, \u00e1gua corrente do pr\u00f3prio mar. Em todas as guaritas de guarda-vidas do litoral Norte t\u00eam vinagre \u00e0 disposi\u00e7\u00e3o de banhistas que precisarem. O major indica que, ap\u00f3s qualquer contato com uma \u00e1gua-viva, a primeira provid\u00eancia \u00e9 sair do mar. \u201cN\u00e3o co\u00e7ar e esfregar\u201d, recomenda.<\/p>\n<p>A m\u00e9dica Vanessa Maria Mendes Martins Pinto vai na mesma linha: \u201cAo entrar em contato com a pele, as \u00e1guas-vivas liberam uma subst\u00e2ncia urticante, que \u00e9 a respons\u00e1vel pela sensa\u00e7\u00e3o de queimadura. \u00c9 um mecanismo de defesa da esp\u00e9cie. Ap\u00f3s o choque, \u00e9 preciso lavar o local com \u00e1gua salgada, pois a doce faz com que os tent\u00e1culos liberem mais veneno\u201d.<\/p>\n<p>Como as m\u00e3es d'\u00e1gua est\u00e3o em seu habitat, a \u00fanica forma de se prevenir \u00e9 evitar o contato e se informar sobre a presen\u00e7a delas na regi\u00e3o. Quando os sintomas aparecem com mais gravidade, o recomendado \u00e9 buscar um atendimento de emerg\u00eancia.<\/p>\n<p>De acordo com Vanessa, se, mesmo ap\u00f3s as primeiras medidas, surgirem bolhas ou sensa\u00e7\u00e3o de vertigem, se o indiv\u00edduo apresentar dificuldade para respirar, suor excessivo ou dores de cabe\u00e7a, \u00e9 necess\u00e1rio procurar um hospital para identificar e interromper esses sintomas. Conforme a m\u00e9dica, tamb\u00e9m \u00e9 preciso, nos dias que sucederem o ocorrido, evitar a exposi\u00e7\u00e3o ao sol.<\/p>\n<p>Major Antunes acrescenta que \u00e9 preciso evitar o uso de \u00e1gua com cloro no local afetado. O Centro de Informa\u00e7\u00e3o Toxicol\u00f3gica do Rio Grande do Sul (CIT) tamb\u00e9m refor\u00e7a os cuidados que banhistas do litoral devem ter com a presen\u00e7a de animais marinhos, como \u00e1guas-vivas e caravelas. O contato com estes tipos de animais \u2013 chamados de cnid\u00e1rios \u2013 pode causar dor intensa, ard\u00eancia, les\u00f5es e bolhas na pele, como disse a m\u00e9dica.<\/p>\n<hr \/>\n<p>&nbsp;<\/p>\n<p><center><iframe loading=\"lazy\" class=\"jmvplayer\" src=\"https:\/\/player.jmvstream.com\/lvw\/YYGWo5wfZuZ8fEW7Qoq1ISwhLSEDhU\" allowfullscreen allow=\"autoplay; fullscreen\" frameborder=\"0\" width=\"640\" height=\"360\" ><\/iframe><\/center><\/p>\n<\/div><\/div>","protected":false},"excerpt":{"rendered":"<p>No litoral ga\u00facho \u00e9 comum vermos veranistas desviando de m\u00e3es d\u2019\u00e1gua mortas nas areias. Mas a preocupa\u00e7\u00e3o maior \u00e9 quando est\u00e3o na \u00e1gua e bem vivas. De acordo com o Corpo de Bombeiros Militar do RS (CBMRS), desde o in\u00edcio da opera\u00e7\u00e3o RS Ver\u00e3o Total, no s\u00e1bado, 21 de dezembro, at\u00e9 a tarde de quarta-feira, [&hellip;]<\/p>\n","protected":false},"author":4,"featured_media":26919,"comment_status":"open","ping_status":"open","sticky":false,"template":"","format":"standard","meta":{"footnotes":""},"categories":[1],"tags":[],"class_list":["post-26918","post","type-post","status-publish","format-standard","has-post-thumbnail","hentry","category-sem-categoria"],"_links":{"self":[{"href":"https:\/\/sol.fm.br\/radio\/wp-json\/wp\/v2\/posts\/26918","targetHints":{"allow":["GET"]}}],"collection":[{"href":"https:\/\/sol.fm.br\/radio\/wp-json\/wp\/v2\/posts"}],"about":[{"href":"https:\/\/sol.fm.br\/radio\/wp-json\/wp\/v2\/types\/post"}],"author":[{"embeddable":true,"href":"https:\/\/sol.fm.br\/radio\/wp-json\/wp\/v2\/users\/4"}],"replies":[{"embeddable":true,"href":"https:\/\/sol.fm.br\/radio\/wp-json\/wp\/v2\/comments?post=26918"}],"version-history":[{"count":1,"href":"https:\/\/sol.fm.br\/radio\/wp-json\/wp\/v2\/posts\/26918\/revisions"}],"predecessor-version":[{"id":26920,"href":"https:\/\/sol.fm.br\/radio\/wp-json\/wp\/v2\/posts\/26918\/revisions\/26920"}],"wp:featuredmedia":[{"embeddable":true,"href":"https:\/\/sol.fm.br\/radio\/wp-json\/wp\/v2\/media\/26919"}],"wp:attachment":[{"href":"https:\/\/sol.fm.br\/radio\/wp-json\/wp\/v2\/media?parent=26918"}],"wp:term":[{"taxonomy":"category","embeddable":true,"href":"https:\/\/sol.fm.br\/radio\/wp-json\/wp\/v2\/categories?post=26918"},{"taxonomy":"post_tag","embeddable":true,"href":"https:\/\/sol.fm.br\/radio\/wp-json\/wp\/v2\/tags?post=26918"}],"curies":[{"name":"wp","href":"https:\/\/api.w.org\/{rel}","templated":true}]}}