{"id":26921,"date":"2019-12-26T10:27:33","date_gmt":"2019-12-26T12:27:33","guid":{"rendered":"http:\/\/sol.fm.br\/radio\/?p=26921"},"modified":"2019-12-26T10:27:33","modified_gmt":"2019-12-26T12:27:33","slug":"cerca-de-186-mil-veiculos-devem-ir-ao-litoral-pela-freeway-entre-quinta-e-sabado","status":"publish","type":"post","link":"https:\/\/sol.fm.br\/radio\/cerca-de-186-mil-veiculos-devem-ir-ao-litoral-pela-freeway-entre-quinta-e-sabado\/","title":{"rendered":"Cerca de 186 mil ve\u00edculos devem ir ao litoral pela freeway entre quinta e s\u00e1bado"},"content":{"rendered":"<div id=\"dslc-theme-content\"><div id=\"dslc-theme-content-inner\"><p>Entre esta quinta-feira, 26 de dezembro, e s\u00e1bado, 28 de dezembro, cerca de 186 mil ve\u00edculos devem ir a praias ga\u00fachas e catarinenses pela freeway para as comemora\u00e7\u00f5es da virada do ano. A estimativa \u00e9 da concession\u00e1ria que administra a rodovia, a CCR ViaSul. O maior movimento \u00e9 previsto para sexta, 27 de dezembro, com a passagem de 71 mil ve\u00edculos pela pra\u00e7a de ped\u00e1gio de Santo Ant\u00f4nio da Patrulha.<\/p>\n<p><strong>Estimativa\u00a0<\/strong><\/p>\n<ul>\n<li><strong>quinta-feira (26)<\/strong>: 49 mil ve\u00edculos<\/li>\n<li><strong>sexta-feira (27)<\/strong>: 71 mil ve\u00edculos<\/li>\n<li><strong>s\u00e1bado (28)<\/strong>: 66 mil ve\u00edculos<\/li>\n<\/ul>\n<p>Como o feriado cai na quarta-feira, a CCR tamb\u00e9m estima que o fluxo siga intenso no domingo, 29 de dezembro, com 38 mil ve\u00edculos, na segunda, 30 de dezembro, com 53 mil, e na ter\u00e7a, com outros 44 mil.\u00a0Para evitar congestionamentos nos per\u00edodos de maior concentra\u00e7\u00e3o de ve\u00edculos, a concession\u00e1ria indica aos motoristas os melhores hor\u00e1rios para pegar a estrada.<\/p>\n<p><strong>Confira<\/strong><\/p>\n<ul>\n<li><strong>quinta<\/strong> durante a manh\u00e3 ou ap\u00f3s as 22h<\/li>\n<li><strong>sexta<\/strong> at\u00e9 o meio-dia<\/li>\n<li><strong>s\u00e1bado<\/strong> durante a madrugada ou ap\u00f3s as 18h<\/li>\n<\/ul>\n<p>Se necess\u00e1rio, a CCR informa que ser\u00e1 liberado o tr\u00e1fego pelo acostamento, do km 75, em Gravata\u00ed, ao km 26, em Santo Ant\u00f4nio da Patrulha.<\/p>\n<p>Para saber se o acostamento est\u00e1 liberado, os motoristas devem ficar atentos \u00e0 sinaliza\u00e7\u00e3o na rodovia, feita por meio de pain\u00e9is com piscantes, placas indicativas ao longo do trecho e pain\u00e9is de mensagem. A libera\u00e7\u00e3o \u00e9 somente para ve\u00edculos leves, e a velocidade m\u00e1xima permitida \u00e9 de 70 km\/h.<\/p>\n<p>Tamb\u00e9m ser\u00e1 colocada em pr\u00e1tica, dependendo do ac\u00famulo de ve\u00edculos, a \"opera\u00e7\u00e3o papa fila\", que \u00e9 a cobran\u00e7a antecipada da tarifa, antes de os carros chegarem ao guich\u00ea para pagamento nas pra\u00e7as de ped\u00e1gio e Gravata\u00ed a Santo Ant\u00f4nio da Patrulha.<\/p>\n<hr \/>\n<p>&nbsp;<\/p>\n<p><center><iframe loading=\"lazy\" class=\"jmvplayer\" src=\"https:\/\/player.jmvstream.com\/lvw\/YYGWo5wfZuZ8fEW7Qoq1ISwhLSEDhU\" allowfullscreen allow=\"autoplay; fullscreen\" frameborder=\"0\" width=\"640\" height=\"360\" ><\/iframe><\/center><\/p>\n<\/div><\/div>","protected":false},"excerpt":{"rendered":"<p>Entre esta quinta-feira, 26 de dezembro, e s\u00e1bado, 28 de dezembro, cerca de 186 mil ve\u00edculos devem ir a praias ga\u00fachas e catarinenses pela freeway para as comemora\u00e7\u00f5es da virada do ano. A estimativa \u00e9 da concession\u00e1ria que administra a rodovia, a CCR ViaSul. O maior movimento \u00e9 previsto para sexta, 27 de dezembro, com [&hellip;]<\/p>\n","protected":false},"author":4,"featured_media":26922,"comment_status":"open","ping_status":"open","sticky":false,"template":"","format":"standard","meta":{"footnotes":""},"categories":[1],"tags":[],"class_list":["post-26921","post","type-post","status-publish","format-standard","has-post-thumbnail","hentry","category-sem-categoria"],"_links":{"self":[{"href":"https:\/\/sol.fm.br\/radio\/wp-json\/wp\/v2\/posts\/26921","targetHints":{"allow":["GET"]}}],"collection":[{"href":"https:\/\/sol.fm.br\/radio\/wp-json\/wp\/v2\/posts"}],"about":[{"href":"https:\/\/sol.fm.br\/radio\/wp-json\/wp\/v2\/types\/post"}],"author":[{"embeddable":true,"href":"https:\/\/sol.fm.br\/radio\/wp-json\/wp\/v2\/users\/4"}],"replies":[{"embeddable":true,"href":"https:\/\/sol.fm.br\/radio\/wp-json\/wp\/v2\/comments?post=26921"}],"version-history":[{"count":1,"href":"https:\/\/sol.fm.br\/radio\/wp-json\/wp\/v2\/posts\/26921\/revisions"}],"predecessor-version":[{"id":26923,"href":"https:\/\/sol.fm.br\/radio\/wp-json\/wp\/v2\/posts\/26921\/revisions\/26923"}],"wp:featuredmedia":[{"embeddable":true,"href":"https:\/\/sol.fm.br\/radio\/wp-json\/wp\/v2\/media\/26922"}],"wp:attachment":[{"href":"https:\/\/sol.fm.br\/radio\/wp-json\/wp\/v2\/media?parent=26921"}],"wp:term":[{"taxonomy":"category","embeddable":true,"href":"https:\/\/sol.fm.br\/radio\/wp-json\/wp\/v2\/categories?post=26921"},{"taxonomy":"post_tag","embeddable":true,"href":"https:\/\/sol.fm.br\/radio\/wp-json\/wp\/v2\/tags?post=26921"}],"curies":[{"name":"wp","href":"https:\/\/api.w.org\/{rel}","templated":true}]}}