{"id":26924,"date":"2019-12-26T10:35:49","date_gmt":"2019-12-26T12:35:49","guid":{"rendered":"http:\/\/sol.fm.br\/radio\/?p=26924"},"modified":"2019-12-26T10:35:49","modified_gmt":"2019-12-26T12:35:49","slug":"emprestimo-de-maquinario-auxilia-na-recuperacao-de-estradas-vicinais-em-imbe","status":"publish","type":"post","link":"https:\/\/sol.fm.br\/radio\/emprestimo-de-maquinario-auxilia-na-recuperacao-de-estradas-vicinais-em-imbe\/","title":{"rendered":"Empr\u00e9stimo de maquin\u00e1rio auxilia na recupera\u00e7\u00e3o de estradas vicinais em Imb\u00e9"},"content":{"rendered":"<div id=\"dslc-theme-content\"><div id=\"dslc-theme-content-inner\"><p>No litoral norte, a Secretaria de Obras e Habita\u00e7\u00e3o\u00a0 (SOP) firmou conv\u00eanio com a prefeitura de Imb\u00e9, para o empr\u00e9stimo de escavadeira hidr\u00e1ulica para a recupera\u00e7\u00e3o de estradas vicinais e o desassoreamento de arroios no munic\u00edpio. O documento foi assinado pelo secret\u00e1rio adjunto Vicente Pires e o prefeito Pierre Emerim da Rosa. A interven\u00e7\u00e3o ocorrer\u00e1 em 22 quil\u00f4metros beneficiando at\u00e9 50 mil fam\u00edlias para o veraneio 2019-2020.<\/p>\n<p>Vicente Pires. secret\u00e1rio adjunto que representou o titular da SOP, Jos\u00e9 St\u00e9dile, disse que o empr\u00e9stimo de maquin\u00e1rio est\u00e1 entre as principais a\u00e7\u00f5es lideradas pelo governo do Estado para contribuir com o desenvolvimento dos munic\u00edpios.\u00a0\u201c\u00c9 um investimento que al\u00e9m de garantir seguran\u00e7a aos usu\u00e1rios das vias, tamb\u00e9m se refletir\u00e1 na promo\u00e7\u00e3o do turismo local\u201d, disse. O maquin\u00e1rio estar\u00e1 \u00e0 disposi\u00e7\u00e3o da prefeitura pelo per\u00edodo de 30 dias.<\/p>\n<p>O prefeito destacou que a iniciativa estimular\u00e1 o desenvolvimento econ\u00f4mico e social do munic\u00edpio. \u201cDurante a baixa temporada, cerca de 4.200 fam\u00edlias ser\u00e3o beneficiadas. Com a chegada do veraneio, mais de 50 mil fam\u00edlias se deslocam para o nosso balne\u00e1rio. Os acessos conservados s\u00e3o imprescind\u00edveis\u201d, disse o prefeito.<\/p>\n<p>\u201cO trabalho ser\u00e1 de suma import\u00e2ncia, pois impedir\u00e1 alagamentos e facilitar\u00e1 o transporte nas vias principais\u201d, resumiu Pierre, em refer\u00eancia a outro servi\u00e7o que ser\u00e1 realizado: o desassoreamento de cursos d\u2019\u00e1gua.<\/p>\n<p><strong>Localidades contempladas e servi\u00e7os<\/strong><\/p>\n<p><strong>1. Recupera\u00e7\u00e3o de estradas<\/strong><br \/>\nInterpraias: Santa Teresinha at\u00e9 Atl\u00e2ntida Sul<br \/>\nAvenida Perimetral: Imara, entre av. Paraguass\u00fa at\u00e9 RS-786<br \/>\nAvenida Tancredo Neves, trecho entre a rua Cruz Alta e av. Beira-mar<br \/>\nRua Dom Pedro II entre av. Paragass\u00fa e av. Beira-mar<br \/>\nAvenida N\u00e3o-Me-Toque entre a rua Get\u00falio Vargas e av. Beira-mar<\/p>\n<p><strong>2. Remo\u00e7\u00e3o de areia<\/strong><br \/>\nMuro da avenida Beira-mar entre av. Garibaldi e av. Beira-mar<\/p>\n<p><strong>3. Limpeza de valas<\/strong><br \/>\nAlameda das Ac\u00e1cias, av. Tancredo Neves, av. N\u00e3o-Me-Toque, av. S\u00e3o Miguel, lateral da ETE Nova Nordeste, lateral RS-786, rua lateral ao Parque de Rodeios, vala de escoamento da r\u00f3tula do balne\u00e1rio Presidente, vala ao lado do Condom\u00ednio Santa B\u00e1rbara, vala de escoamento da rua Dom Jo\u00e3o IV no balne\u00e1rio Presidente.<\/p>\n<p><strong>Conclu\u00edda pra\u00e7a no balne\u00e1rio Presidente<\/strong><\/p>\n<p>O balne\u00e1rio Presidente conta com um novo espa\u00e7o de lazer, conclu\u00eddo na semana passada. A pra\u00e7a, localizada no final da Avenida Brasil, fica pr\u00f3xima da praia. Al\u00e9m de playground, bancos e vegeta\u00e7\u00e3o plantada, o local conta com um lago artificial, criado pela Secretaria Municipal de Meio Ambiente, Pesca e Agricultura, para auxiliar no escoamento das \u00e1guas em dias de chuva.<\/p>\n<p>A \u00e1rea tem cerca de seis mil metros quadrados. \u201cA iniciativa da Prefeitura tem como objetivo trazer mais uma op\u00e7\u00e3o de lazer \u00e0 popula\u00e7\u00e3o da Zona Norte, com espa\u00e7o para caminhada e roda de chimarr\u00e3o, pr\u00e1tica de atividades f\u00edsicas e um espa\u00e7o com bancos e ilumina\u00e7\u00e3o. Haver\u00e1 muita jardinagem, com o plantio de esp\u00e9cies como aroeira, ara\u00e7\u00e1, taquareiras, pitanga, palmeira e mimo-de-v\u00eanus\u201d, explicou o titular da Secretaria Municipal de Limpeza Urbana, Manoel Gon\u00e7alves.<\/p>\n<hr \/>\n<p>&nbsp;<\/p>\n<p><center><iframe loading=\"lazy\" class=\"jmvplayer\" src=\"https:\/\/player.jmvstream.com\/lvw\/YYGWo5wfZuZ8fEW7Qoq1ISwhLSEDhU\" allowfullscreen allow=\"autoplay; fullscreen\" frameborder=\"0\" width=\"640\" height=\"360\" ><\/iframe><\/center><\/p>\n<\/div><\/div>","protected":false},"excerpt":{"rendered":"<p>No litoral norte, a Secretaria de Obras e Habita\u00e7\u00e3o\u00a0 (SOP) firmou conv\u00eanio com a prefeitura de Imb\u00e9, para o empr\u00e9stimo de escavadeira hidr\u00e1ulica para a recupera\u00e7\u00e3o de estradas vicinais e o desassoreamento de arroios no munic\u00edpio. O documento foi assinado pelo secret\u00e1rio adjunto Vicente Pires e o prefeito Pierre Emerim da Rosa. A interven\u00e7\u00e3o ocorrer\u00e1 [&hellip;]<\/p>\n","protected":false},"author":4,"featured_media":26925,"comment_status":"open","ping_status":"open","sticky":false,"template":"","format":"standard","meta":{"footnotes":""},"categories":[1],"tags":[],"class_list":["post-26924","post","type-post","status-publish","format-standard","has-post-thumbnail","hentry","category-sem-categoria"],"_links":{"self":[{"href":"https:\/\/sol.fm.br\/radio\/wp-json\/wp\/v2\/posts\/26924","targetHints":{"allow":["GET"]}}],"collection":[{"href":"https:\/\/sol.fm.br\/radio\/wp-json\/wp\/v2\/posts"}],"about":[{"href":"https:\/\/sol.fm.br\/radio\/wp-json\/wp\/v2\/types\/post"}],"author":[{"embeddable":true,"href":"https:\/\/sol.fm.br\/radio\/wp-json\/wp\/v2\/users\/4"}],"replies":[{"embeddable":true,"href":"https:\/\/sol.fm.br\/radio\/wp-json\/wp\/v2\/comments?post=26924"}],"version-history":[{"count":1,"href":"https:\/\/sol.fm.br\/radio\/wp-json\/wp\/v2\/posts\/26924\/revisions"}],"predecessor-version":[{"id":26926,"href":"https:\/\/sol.fm.br\/radio\/wp-json\/wp\/v2\/posts\/26924\/revisions\/26926"}],"wp:featuredmedia":[{"embeddable":true,"href":"https:\/\/sol.fm.br\/radio\/wp-json\/wp\/v2\/media\/26925"}],"wp:attachment":[{"href":"https:\/\/sol.fm.br\/radio\/wp-json\/wp\/v2\/media?parent=26924"}],"wp:term":[{"taxonomy":"category","embeddable":true,"href":"https:\/\/sol.fm.br\/radio\/wp-json\/wp\/v2\/categories?post=26924"},{"taxonomy":"post_tag","embeddable":true,"href":"https:\/\/sol.fm.br\/radio\/wp-json\/wp\/v2\/tags?post=26924"}],"curies":[{"name":"wp","href":"https:\/\/api.w.org\/{rel}","templated":true}]}}