{"id":26927,"date":"2019-12-26T10:45:17","date_gmt":"2019-12-26T12:45:17","guid":{"rendered":"http:\/\/sol.fm.br\/radio\/?p=26927"},"modified":"2019-12-26T10:45:17","modified_gmt":"2019-12-26T12:45:17","slug":"anitta-se-emociona-com-presente-da-sobrinha-de-oito-anos","status":"publish","type":"post","link":"https:\/\/sol.fm.br\/radio\/anitta-se-emociona-com-presente-da-sobrinha-de-oito-anos\/","title":{"rendered":"Anitta se emociona com presente da sobrinha de oito anos"},"content":{"rendered":"<div id=\"dslc-theme-content\"><div id=\"dslc-theme-content-inner\"><p>Nos \u00faltimos meses, Anitta descobriu que possui um irm\u00e3o mais velho e que \u00e9 tia de uma crian\u00e7a de oito anos. Let\u00edcia, por sua vez, \u00e9 muito semelhante a \u2018poderosa\u2019, e no Natal, a famosa aproveitou para curtir a data t\u00e3o aguardada em fam\u00edlia, e numa verdadeira raridade, surgiu ao lado da sobrinha.<\/p>\n<p><img loading=\"lazy\" decoding=\"async\" class=\"size-medium wp-image-26929 alignleft\" src=\"http:\/\/sol.fm.br\/radio\/wp-content\/uploads\/2019\/12\/0ooo7-225x400.jpg\" alt=\"\" width=\"225\" height=\"400\" srcset=\"https:\/\/sol.fm.br\/radio\/wp-content\/uploads\/2019\/12\/0ooo7-225x400.jpg 225w, https:\/\/sol.fm.br\/radio\/wp-content\/uploads\/2019\/12\/0ooo7.jpg 297w\" sizes=\"auto, (max-width: 225px) 100vw, 225px\" \/>Atrav\u00e9s do seu Instagram, a cantora compartilhou o presente simples mas de tamanho significado que havia recebido de Let\u00edcia: uma caneca decorada com uma foto das duas e as palavras: \u201cte amo, tia Larissa\u201d. O compartilhamento deixou os milhares de seguidores da cantora encantados.<\/p>\n<p>Let\u00edcia \u00e9 filha de Felipe Terra, o irm\u00e3o que Anitta descobriu ter em outubro deste ano. O caso bomb\u00e1stico familiar foi exposto em meados de outubro, e n\u00e3o demorou muito para a artista ter dado in\u00edcio a saga emocionante. Em meio a realiza\u00e7\u00e3o do exame de DNA, ap\u00f3s o resultado positivo, em entrevista recente concedida \u00e0 jornalista F\u00e1bia Oliveira, do jornal O Dia, ele revela que a menina n\u00e3o a conhecia at\u00e9 ent\u00e3o.<\/p>\n<p>\u201cSobre minha filha, ela n\u00e3o conhecia Anitta, pois como somos evang\u00e9licos, n\u00e3o costumamos ouvir outros g\u00eaneros musicais. Mas ela conhece o Clube da Anittinha e adora as m\u00fasicas do desenho. Ela canta e dan\u00e7a assistindo. Enfim somos reservados, pessoas simples, evang\u00e9licos, mas livres de preconceitos de todos os tipos. Tenho certeza que o amor e a amizade que ir\u00e1 florescer nos far\u00e1 superar as nossas diferen\u00e7as, at\u00e9 porque na minha fam\u00edlia somos muito diferentes e sempre vivemos muito bem como toda fam\u00edlia normal. Uma nova vida pra todos n\u00f3s se inicia hoje. Agora \u00e9 recuperar o tempo perdido\u201d, torceu.<\/p>\n<hr \/>\n<h6><strong>Fotos: Instagram<\/strong><\/h6>\n<p><center><iframe loading=\"lazy\" class=\"jmvplayer\" src=\"https:\/\/player.jmvstream.com\/lvw\/YYGWo5wfZuZ8fEW7Qoq1ISwhLSEDhU\" allowfullscreen allow=\"autoplay; fullscreen\" frameborder=\"0\" width=\"640\" height=\"360\" ><\/iframe><\/center><\/p>\n<\/div><\/div>","protected":false},"excerpt":{"rendered":"<p>Nos \u00faltimos meses, Anitta descobriu que possui um irm\u00e3o mais velho e que \u00e9 tia de uma crian\u00e7a de oito anos. Let\u00edcia, por sua vez, \u00e9 muito semelhante a \u2018poderosa\u2019, e no Natal, a famosa aproveitou para curtir a data t\u00e3o aguardada em fam\u00edlia, e numa verdadeira raridade, surgiu ao lado da sobrinha. Atrav\u00e9s do [&hellip;]<\/p>\n","protected":false},"author":4,"featured_media":26928,"comment_status":"open","ping_status":"open","sticky":false,"template":"","format":"standard","meta":{"footnotes":""},"categories":[1],"tags":[],"class_list":["post-26927","post","type-post","status-publish","format-standard","has-post-thumbnail","hentry","category-sem-categoria"],"_links":{"self":[{"href":"https:\/\/sol.fm.br\/radio\/wp-json\/wp\/v2\/posts\/26927","targetHints":{"allow":["GET"]}}],"collection":[{"href":"https:\/\/sol.fm.br\/radio\/wp-json\/wp\/v2\/posts"}],"about":[{"href":"https:\/\/sol.fm.br\/radio\/wp-json\/wp\/v2\/types\/post"}],"author":[{"embeddable":true,"href":"https:\/\/sol.fm.br\/radio\/wp-json\/wp\/v2\/users\/4"}],"replies":[{"embeddable":true,"href":"https:\/\/sol.fm.br\/radio\/wp-json\/wp\/v2\/comments?post=26927"}],"version-history":[{"count":1,"href":"https:\/\/sol.fm.br\/radio\/wp-json\/wp\/v2\/posts\/26927\/revisions"}],"predecessor-version":[{"id":26930,"href":"https:\/\/sol.fm.br\/radio\/wp-json\/wp\/v2\/posts\/26927\/revisions\/26930"}],"wp:featuredmedia":[{"embeddable":true,"href":"https:\/\/sol.fm.br\/radio\/wp-json\/wp\/v2\/media\/26928"}],"wp:attachment":[{"href":"https:\/\/sol.fm.br\/radio\/wp-json\/wp\/v2\/media?parent=26927"}],"wp:term":[{"taxonomy":"category","embeddable":true,"href":"https:\/\/sol.fm.br\/radio\/wp-json\/wp\/v2\/categories?post=26927"},{"taxonomy":"post_tag","embeddable":true,"href":"https:\/\/sol.fm.br\/radio\/wp-json\/wp\/v2\/tags?post=26927"}],"curies":[{"name":"wp","href":"https:\/\/api.w.org\/{rel}","templated":true}]}}