{"id":26934,"date":"2020-01-02T12:23:32","date_gmt":"2020-01-02T14:23:32","guid":{"rendered":"http:\/\/sol.fm.br\/radio\/?p=26934"},"modified":"2020-01-02T12:23:32","modified_gmt":"2020-01-02T14:23:32","slug":"primeiro-dia-util-de-2020-deve-ter-queda-nas-temperaturas-no-rs","status":"publish","type":"post","link":"https:\/\/sol.fm.br\/radio\/primeiro-dia-util-de-2020-deve-ter-queda-nas-temperaturas-no-rs\/","title":{"rendered":"Primeiro dia \u00fatil de 2020 deve ter queda nas temperaturas no RS"},"content":{"rendered":"<div id=\"dslc-theme-content\"><div id=\"dslc-theme-content-inner\"><p>Nesta quinta-feira, 02 de janeiro, depois de uma sequ\u00eancia de dias com calor extremo, o calor d\u00e1 uma tr\u00e9gua no Rio Grande do Sul. O primeiro dia \u00fatil de 2020 deve ter sol em grande parte das regi\u00f5es. As m\u00e1ximas devem ficar na casa dos 30\u00b0C.<\/p>\n<p>Conforme informa\u00e7\u00f5es da meteorologia, h\u00e1 chance de chuva em algumas partes do Estado. No Sul e no Sudeste, a nebulosidade ser\u00e1 maior, e \u00e9 onde pode haver mau tempo. As m\u00e1ximas n\u00e3o chegam perto do calor extremo dos \u00faltimos dias, mantendo o dia mais ameno.<\/p>\n<p>Na capital, sol aparece, mas h\u00e1 chance de chuva. A m\u00ednima deve ser de 21\u00b0C, enquanto a m\u00e1xima n\u00e3o deve ultrapassar os 28\u00b0C.<\/p>\n<hr \/>\n<p>&nbsp;<br \/>\n<center><iframe loading=\"lazy\" class=\"jmvplayer\" src=\"https:\/\/player.jmvstream.com\/lvw\/YYGWo5wfZuZ8fEW7Qoq1ISwhLSEDhU\" allowfullscreen allow=\"autoplay; fullscreen\" frameborder=\"0\" width=\"640\" height=\"360\" ><\/iframe><\/center><\/p>\n<\/div><\/div>","protected":false},"excerpt":{"rendered":"<p>Nesta quinta-feira, 02 de janeiro, depois de uma sequ\u00eancia de dias com calor extremo, o calor d\u00e1 uma tr\u00e9gua no Rio Grande do Sul. O primeiro dia \u00fatil de 2020 deve ter sol em grande parte das regi\u00f5es. As m\u00e1ximas devem ficar na casa dos 30\u00b0C. Conforme informa\u00e7\u00f5es da meteorologia, h\u00e1 chance de chuva em [&hellip;]<\/p>\n","protected":false},"author":4,"featured_media":26935,"comment_status":"open","ping_status":"open","sticky":false,"template":"","format":"standard","meta":{"footnotes":""},"categories":[1],"tags":[],"class_list":["post-26934","post","type-post","status-publish","format-standard","has-post-thumbnail","hentry","category-sem-categoria"],"_links":{"self":[{"href":"https:\/\/sol.fm.br\/radio\/wp-json\/wp\/v2\/posts\/26934","targetHints":{"allow":["GET"]}}],"collection":[{"href":"https:\/\/sol.fm.br\/radio\/wp-json\/wp\/v2\/posts"}],"about":[{"href":"https:\/\/sol.fm.br\/radio\/wp-json\/wp\/v2\/types\/post"}],"author":[{"embeddable":true,"href":"https:\/\/sol.fm.br\/radio\/wp-json\/wp\/v2\/users\/4"}],"replies":[{"embeddable":true,"href":"https:\/\/sol.fm.br\/radio\/wp-json\/wp\/v2\/comments?post=26934"}],"version-history":[{"count":1,"href":"https:\/\/sol.fm.br\/radio\/wp-json\/wp\/v2\/posts\/26934\/revisions"}],"predecessor-version":[{"id":26936,"href":"https:\/\/sol.fm.br\/radio\/wp-json\/wp\/v2\/posts\/26934\/revisions\/26936"}],"wp:featuredmedia":[{"embeddable":true,"href":"https:\/\/sol.fm.br\/radio\/wp-json\/wp\/v2\/media\/26935"}],"wp:attachment":[{"href":"https:\/\/sol.fm.br\/radio\/wp-json\/wp\/v2\/media?parent=26934"}],"wp:term":[{"taxonomy":"category","embeddable":true,"href":"https:\/\/sol.fm.br\/radio\/wp-json\/wp\/v2\/categories?post=26934"},{"taxonomy":"post_tag","embeddable":true,"href":"https:\/\/sol.fm.br\/radio\/wp-json\/wp\/v2\/tags?post=26934"}],"curies":[{"name":"wp","href":"https:\/\/api.w.org\/{rel}","templated":true}]}}