{"id":26937,"date":"2020-01-02T12:28:25","date_gmt":"2020-01-02T14:28:25","guid":{"rendered":"http:\/\/sol.fm.br\/radio\/?p=26937"},"modified":"2020-01-02T12:28:25","modified_gmt":"2020-01-02T14:28:25","slug":"estado-abre-inscricoes-em-janeiro-para-contratar-14-medicos-peritos","status":"publish","type":"post","link":"https:\/\/sol.fm.br\/radio\/estado-abre-inscricoes-em-janeiro-para-contratar-14-medicos-peritos\/","title":{"rendered":"Estado abre inscri\u00e7\u00f5es, em janeiro, para contratar 14 m\u00e9dicos peritos"},"content":{"rendered":"<div id=\"dslc-theme-content\"><div id=\"dslc-theme-content-inner\"><p>Com o objetivo de recompor o quadro que atua no Departamento de Per\u00edcia M\u00e9dica e Sa\u00fade do Trabalhador (Dmest), a Secretaria de Planejamento, Or\u00e7amento e Gest\u00e3o (Seplag) abre processo de sele\u00e7\u00e3o para contrata\u00e7\u00e3o emergencial de 14 profissionais m\u00e9dicos. As inscri\u00e7\u00f5es devem ser feitas entre 6 e 24 de janeiro de 2020.<\/p>\n<p>O desempenho da fun\u00e7\u00e3o \u00e9 de 40 horas semanais, com a possibilidade de exercer 20 horas de maneira presencial no Departamento e a outra metade da jornada por meio de teletrabalho (an\u00e1lise e elabora\u00e7\u00e3o de laudos).<\/p>\n<p><img loading=\"lazy\" decoding=\"async\" class=\"size-medium wp-image-26938 alignleft\" src=\"http:\/\/sol.fm.br\/radio\/wp-content\/uploads\/2020\/01\/hhhh-382x400.jpg\" alt=\"\" width=\"382\" height=\"400\" srcset=\"https:\/\/sol.fm.br\/radio\/wp-content\/uploads\/2020\/01\/hhhh-382x400.jpg 382w, https:\/\/sol.fm.br\/radio\/wp-content\/uploads\/2020\/01\/hhhh.jpg 521w\" sizes=\"auto, (max-width: 382px) 100vw, 382px\" \/>As vagas est\u00e3o divididas em seis especialidades:<\/p>\n<p>\u25ba 3 vagas para m\u00e9dicos de Per\u00edcia e An\u00e1lise \u2013 \u00e1rea de Psiquiatria<br \/>\n\u25ba 1 vaga para m\u00e9dico de Per\u00edcia e An\u00e1lise \u2013 \u00e1rea de Cardiologia<br \/>\n\u25ba 4 vagas para m\u00e9dicos de Per\u00edcia e An\u00e1lise \u2013 \u00e1rea Cl\u00ednica Geral<br \/>\n\u25ba 1 vaga para m\u00e9dico de Per\u00edcia e An\u00e1lise \u2013 \u00e1rea de Neurologia<br \/>\n\u25ba 3 vagas para M\u00e9dico de Per\u00edcia e An\u00e1lise \u2013 \u00e1rea de Ortopedia<br \/>\n\u25ba 2 vagas para m\u00e9dicos do Trabalho<\/p>\n<p>Quem optar pela inscri\u00e7\u00e3o presencial precisar\u00e1 comparecer \u00e0 Divis\u00e3o de Pessoal (Dipes), vinculada \u00e0 Seplag (av. Borges de Medeiros, 1501 - t\u00e9rreo, bairro Praia de Belas, Porto Alegre) acompanhado da ficha de inscri\u00e7\u00e3o e dos documentos listados no edital na edi\u00e7\u00e3o da sexta-feira (27\/12) do Di\u00e1rio Oficial do Estado (DOE). S\u00e3o informados os hor\u00e1rios e prazos.<\/p>\n<p>Quem optar por fazer a inscri\u00e7\u00e3o via correspond\u00eancia (Sedex), deve ficar atento: o prazo de postagem precisa ser at\u00e9 a data limite de 24 de janeiro de 2020.<\/p>\n<p>\u00c9 permitido aos interessados concorrer em vagas distintas. O sal\u00e1rio est\u00e1 fixado em R$ 7.528,39, entre remunera\u00e7\u00e3o b\u00e1sica e gratifica\u00e7\u00f5es. A contrata\u00e7\u00e3o emergencial foi aprovada atrav\u00e9s da Lei 15.407\/2019, sancionada pelo governador Eduardo Leite no dia 19 de dezembro de 2019.<\/p>\n<p><span style=\"color: #0000ff;\"><a style=\"color: #0000ff;\" href=\"https:\/\/www.diariooficial.rs.gov.br\/materia?id=375163\">Clique aqui<\/a> <\/span>e acesse o edital.<\/p>\n<hr \/>\n<h6><strong>Texto: Pepo Kerschner\/Ascom Seplag<\/strong><br \/>\n<strong>Edi\u00e7\u00e3o: Secom<\/strong><\/h6>\n<p><center><iframe loading=\"lazy\" class=\"jmvplayer\" src=\"https:\/\/player.jmvstream.com\/lvw\/YYGWo5wfZuZ8fEW7Qoq1ISwhLSEDhU\" width=\"640\" height=\"360\" frameborder=\"0\" allowfullscreen=\"allowfullscreen\"><\/iframe><\/center>&nbsp;<\/p>\n<\/div><\/div>","protected":false},"excerpt":{"rendered":"<p>Com o objetivo de recompor o quadro que atua no Departamento de Per\u00edcia M\u00e9dica e Sa\u00fade do Trabalhador (Dmest), a Secretaria de Planejamento, Or\u00e7amento e Gest\u00e3o (Seplag) abre processo de sele\u00e7\u00e3o para contrata\u00e7\u00e3o emergencial de 14 profissionais m\u00e9dicos. As inscri\u00e7\u00f5es devem ser feitas entre 6 e 24 de janeiro de 2020. O desempenho da fun\u00e7\u00e3o [&hellip;]<\/p>\n","protected":false},"author":4,"featured_media":26939,"comment_status":"open","ping_status":"open","sticky":false,"template":"","format":"standard","meta":{"footnotes":""},"categories":[1],"tags":[],"class_list":["post-26937","post","type-post","status-publish","format-standard","has-post-thumbnail","hentry","category-sem-categoria"],"_links":{"self":[{"href":"https:\/\/sol.fm.br\/radio\/wp-json\/wp\/v2\/posts\/26937","targetHints":{"allow":["GET"]}}],"collection":[{"href":"https:\/\/sol.fm.br\/radio\/wp-json\/wp\/v2\/posts"}],"about":[{"href":"https:\/\/sol.fm.br\/radio\/wp-json\/wp\/v2\/types\/post"}],"author":[{"embeddable":true,"href":"https:\/\/sol.fm.br\/radio\/wp-json\/wp\/v2\/users\/4"}],"replies":[{"embeddable":true,"href":"https:\/\/sol.fm.br\/radio\/wp-json\/wp\/v2\/comments?post=26937"}],"version-history":[{"count":1,"href":"https:\/\/sol.fm.br\/radio\/wp-json\/wp\/v2\/posts\/26937\/revisions"}],"predecessor-version":[{"id":26940,"href":"https:\/\/sol.fm.br\/radio\/wp-json\/wp\/v2\/posts\/26937\/revisions\/26940"}],"wp:featuredmedia":[{"embeddable":true,"href":"https:\/\/sol.fm.br\/radio\/wp-json\/wp\/v2\/media\/26939"}],"wp:attachment":[{"href":"https:\/\/sol.fm.br\/radio\/wp-json\/wp\/v2\/media?parent=26937"}],"wp:term":[{"taxonomy":"category","embeddable":true,"href":"https:\/\/sol.fm.br\/radio\/wp-json\/wp\/v2\/categories?post=26937"},{"taxonomy":"post_tag","embeddable":true,"href":"https:\/\/sol.fm.br\/radio\/wp-json\/wp\/v2\/tags?post=26937"}],"curies":[{"name":"wp","href":"https:\/\/api.w.org\/{rel}","templated":true}]}}