{"id":26941,"date":"2020-01-02T12:31:08","date_gmt":"2020-01-02T14:31:08","guid":{"rendered":"http:\/\/sol.fm.br\/radio\/?p=26941"},"modified":"2020-01-02T12:33:50","modified_gmt":"2020-01-02T14:33:50","slug":"hospital-moinhos-de-vento-realiza-procedimento-inedito-no-sul-do-pais-que-pode-evitar-amputacoes","status":"publish","type":"post","link":"https:\/\/sol.fm.br\/radio\/hospital-moinhos-de-vento-realiza-procedimento-inedito-no-sul-do-pais-que-pode-evitar-amputacoes\/","title":{"rendered":"Hospital Moinhos de Vento realiza procedimento in\u00e9dito no Sul do pa\u00eds que pode evitar amputa\u00e7\u00f5es"},"content":{"rendered":"<div id=\"dslc-theme-content\"><div id=\"dslc-theme-content-inner\"><p><em>Procedimento que faz desobstru\u00e7\u00e3o das art\u00e9rias, aterectomia pode revolucionar cirurgia vascular<\/em><\/p>\n<p>Quantas vezes voc\u00ea j\u00e1 ouviu falar que algu\u00e9m teve um problema card\u00edaco ou vascular provocado pelo entupimento das art\u00e9rias? As doen\u00e7as arteriais perif\u00e9ricas, que atingem uma em cada dez pessoas com mais de 60 anos de idade, podem provocar dores, \u00falceras, dificuldades de locomo\u00e7\u00e3o e at\u00e9 amputa\u00e7\u00f5es. O Rio Grande do Sul possui um dos \u00edndices mais altos do pa\u00eds desse tipo de doen\u00e7a, atr\u00e1s apenas de quatro estados do Nordeste.<\/p>\n<p>Considerado pela comunidade m\u00e9dica uma revolu\u00e7\u00e3o para a cirurgia vascular, um procedimento in\u00e9dito foi realizado no Hospital Moinhos de Vento esta segunda-feira (23). Pela primeira vez no Sul do pa\u00eds, foi utilizado o equipamento mais moderno que existe hoje no mercado para a aterectomia \u2013 ou o desentumpimento das art\u00e9rias \u2013 de vaso perif\u00e9rico.<\/p>\n<p>O procedimento foi conduzido pelo m\u00e9dico Alexandre Ara\u00fajo Pereira, coordenador do Ambulat\u00f3rio de Doen\u00e7as Arteriais do Hospital Moinhos de Vento. \u201cO dispositivo \u00e9 introduzido nos vasos, cortando e aspirando as placas de gordura e c\u00e1lcio e desobstruindo a passagem do sangue. Al\u00e9m de evitar o uso de stents met\u00e1licos, que em \u00e1reas de dobra podem quebrar, o tempo de recupera\u00e7\u00e3o \u00e9 bem menor do que nas cirurgias convencionais\u201d, explicou o cirurgi\u00e3o vascular.<\/p>\n<p>A paciente foi uma idosa de 91 anos que apresentava \u00falceras nas pernas com necrose, correndo o risco de ter o membro amputado. Ap\u00f3s o procedimento, a senhora se recupera bem, e a possibilidade de amputa\u00e7\u00e3o, pelo menos neste momento, foi descartada.<\/p>\n<ul>\n<li>Foto: Divulga\u00e7\u00e3o Hospital Moinhos de Vento<\/li>\n<li>Legenda: Equipamento permite remover placas de gordura e c\u00e1lcio e dispensa uso de stents.<\/li>\n<\/ul>\n<hr \/>\n<h6><strong>Melina Fernandes - CRIT\u00c9RIO<\/strong><\/h6>\n<p><center><iframe loading=\"lazy\" class=\"jmvplayer\" src=\"https:\/\/player.jmvstream.com\/lvw\/YYGWo5wfZuZ8fEW7Qoq1ISwhLSEDhU\" allowfullscreen allow=\"autoplay; fullscreen\" frameborder=\"0\" width=\"640\" height=\"360\" ><\/iframe><\/center><\/p>\n<\/div><\/div>","protected":false},"excerpt":{"rendered":"<p>Procedimento que faz desobstru\u00e7\u00e3o das art\u00e9rias, aterectomia pode revolucionar cirurgia vascular Quantas vezes voc\u00ea j\u00e1 ouviu falar que algu\u00e9m teve um problema card\u00edaco ou vascular provocado pelo entupimento das art\u00e9rias? As doen\u00e7as arteriais perif\u00e9ricas, que atingem uma em cada dez pessoas com mais de 60 anos de idade, podem provocar dores, \u00falceras, dificuldades de locomo\u00e7\u00e3o [&hellip;]<\/p>\n","protected":false},"author":4,"featured_media":26942,"comment_status":"open","ping_status":"open","sticky":false,"template":"","format":"standard","meta":{"footnotes":""},"categories":[1],"tags":[],"class_list":["post-26941","post","type-post","status-publish","format-standard","has-post-thumbnail","hentry","category-sem-categoria"],"_links":{"self":[{"href":"https:\/\/sol.fm.br\/radio\/wp-json\/wp\/v2\/posts\/26941","targetHints":{"allow":["GET"]}}],"collection":[{"href":"https:\/\/sol.fm.br\/radio\/wp-json\/wp\/v2\/posts"}],"about":[{"href":"https:\/\/sol.fm.br\/radio\/wp-json\/wp\/v2\/types\/post"}],"author":[{"embeddable":true,"href":"https:\/\/sol.fm.br\/radio\/wp-json\/wp\/v2\/users\/4"}],"replies":[{"embeddable":true,"href":"https:\/\/sol.fm.br\/radio\/wp-json\/wp\/v2\/comments?post=26941"}],"version-history":[{"count":2,"href":"https:\/\/sol.fm.br\/radio\/wp-json\/wp\/v2\/posts\/26941\/revisions"}],"predecessor-version":[{"id":26944,"href":"https:\/\/sol.fm.br\/radio\/wp-json\/wp\/v2\/posts\/26941\/revisions\/26944"}],"wp:featuredmedia":[{"embeddable":true,"href":"https:\/\/sol.fm.br\/radio\/wp-json\/wp\/v2\/media\/26942"}],"wp:attachment":[{"href":"https:\/\/sol.fm.br\/radio\/wp-json\/wp\/v2\/media?parent=26941"}],"wp:term":[{"taxonomy":"category","embeddable":true,"href":"https:\/\/sol.fm.br\/radio\/wp-json\/wp\/v2\/categories?post=26941"},{"taxonomy":"post_tag","embeddable":true,"href":"https:\/\/sol.fm.br\/radio\/wp-json\/wp\/v2\/tags?post=26941"}],"curies":[{"name":"wp","href":"https:\/\/api.w.org\/{rel}","templated":true}]}}