{"id":26948,"date":"2020-01-02T12:43:05","date_gmt":"2020-01-02T14:43:05","guid":{"rendered":"http:\/\/sol.fm.br\/radio\/?p=26948"},"modified":"2020-01-02T12:43:05","modified_gmt":"2020-01-02T14:43:05","slug":"estradas-do-rs-tem-fluxo-acentuado-mas-sem-congestionamentos-na-volta-da-praia","status":"publish","type":"post","link":"https:\/\/sol.fm.br\/radio\/estradas-do-rs-tem-fluxo-acentuado-mas-sem-congestionamentos-na-volta-da-praia\/","title":{"rendered":"Estradas do RS t\u00eam fluxo acentuado, mas sem congestionamentos na volta da praia"},"content":{"rendered":"<div id=\"dslc-theme-content\"><div id=\"dslc-theme-content-inner\"><p>Nesta quinta-feira, 02 de janeiro, os condutores que voltam do litoral para a Regi\u00e3o Metropolitana enfrentam tr\u00e2nsito intenso, mas sem congestionamentos na Freeway. At\u00e9 as 9h, retornaram 16,5 mil carros, segundo a concession\u00e1ria CCR Via Sul, e a previs\u00e3o \u00e9 de que 50 mil utilizem a rodovia em dire\u00e7\u00e3o a Porto Alegre at\u00e9 o final do dia. Durante essa manh\u00e3, a movimenta\u00e7\u00e3o \u00e9 acentuada, mas sem interrup\u00e7\u00f5es. Segundo a Pol\u00edcia Rodovi\u00e1ria Federal (PRF), foram registrados acidentes sem gravidade na rodovia.<\/p>\n<p>Conforme a CCR, retornaram nesse domingo 51,7 mil ve\u00edculos do Litoral Norte e Santa Catarina, abaixo da previs\u00e3o inicial que era de 65 mil autom\u00f3veis. Acidentes com danos materiais e chuva forte provocaram momentos de reten\u00e7\u00e3o na rodovia.<\/p>\n<p>Como parcela significativa dos viajantes deixar\u00e1 para retornar no domingo, a orienta\u00e7\u00e3o \u00e9 de iniciar viagem antes do meio-dia. A expectativa \u00e9 de 58 mil carros voltando das praias em dire\u00e7\u00e3o \u00e0 Regi\u00e3o Metropolitana. Na segunda-feira, ser\u00e3o 43 mil, conforme a proje\u00e7\u00e3o da CCR Via Sul e PRF.<\/p>\n<p>De acordo com o Comando Rodovi\u00e1rio da Brigada Militar (CRBM), nessa quarta-feira, mais de 97 mil ve\u00edculos utilizaram as rodovias estaduais. Na manh\u00e3 dessa quinta, fluxo mais intenso \u00e9 registrado na RS 040 e Estrada do Mar.<\/p>\n<hr \/>\n<p>&nbsp;<\/p>\n<p><center><iframe loading=\"lazy\" class=\"jmvplayer\" src=\"https:\/\/player.jmvstream.com\/lvw\/YYGWo5wfZuZ8fEW7Qoq1ISwhLSEDhU\" allowfullscreen allow=\"autoplay; fullscreen\" frameborder=\"0\" width=\"640\" height=\"360\" ><\/iframe><\/center><\/p>\n<\/div><\/div>","protected":false},"excerpt":{"rendered":"<p>Nesta quinta-feira, 02 de janeiro, os condutores que voltam do litoral para a Regi\u00e3o Metropolitana enfrentam tr\u00e2nsito intenso, mas sem congestionamentos na Freeway. At\u00e9 as 9h, retornaram 16,5 mil carros, segundo a concession\u00e1ria CCR Via Sul, e a previs\u00e3o \u00e9 de que 50 mil utilizem a rodovia em dire\u00e7\u00e3o a Porto Alegre at\u00e9 o final [&hellip;]<\/p>\n","protected":false},"author":4,"featured_media":26949,"comment_status":"open","ping_status":"open","sticky":false,"template":"","format":"standard","meta":{"footnotes":""},"categories":[1],"tags":[],"class_list":["post-26948","post","type-post","status-publish","format-standard","has-post-thumbnail","hentry","category-sem-categoria"],"_links":{"self":[{"href":"https:\/\/sol.fm.br\/radio\/wp-json\/wp\/v2\/posts\/26948","targetHints":{"allow":["GET"]}}],"collection":[{"href":"https:\/\/sol.fm.br\/radio\/wp-json\/wp\/v2\/posts"}],"about":[{"href":"https:\/\/sol.fm.br\/radio\/wp-json\/wp\/v2\/types\/post"}],"author":[{"embeddable":true,"href":"https:\/\/sol.fm.br\/radio\/wp-json\/wp\/v2\/users\/4"}],"replies":[{"embeddable":true,"href":"https:\/\/sol.fm.br\/radio\/wp-json\/wp\/v2\/comments?post=26948"}],"version-history":[{"count":1,"href":"https:\/\/sol.fm.br\/radio\/wp-json\/wp\/v2\/posts\/26948\/revisions"}],"predecessor-version":[{"id":26950,"href":"https:\/\/sol.fm.br\/radio\/wp-json\/wp\/v2\/posts\/26948\/revisions\/26950"}],"wp:featuredmedia":[{"embeddable":true,"href":"https:\/\/sol.fm.br\/radio\/wp-json\/wp\/v2\/media\/26949"}],"wp:attachment":[{"href":"https:\/\/sol.fm.br\/radio\/wp-json\/wp\/v2\/media?parent=26948"}],"wp:term":[{"taxonomy":"category","embeddable":true,"href":"https:\/\/sol.fm.br\/radio\/wp-json\/wp\/v2\/categories?post=26948"},{"taxonomy":"post_tag","embeddable":true,"href":"https:\/\/sol.fm.br\/radio\/wp-json\/wp\/v2\/tags?post=26948"}],"curies":[{"name":"wp","href":"https:\/\/api.w.org\/{rel}","templated":true}]}}