{"id":26951,"date":"2020-01-02T12:49:23","date_gmt":"2020-01-02T14:49:23","guid":{"rendered":"http:\/\/sol.fm.br\/radio\/?p=26951"},"modified":"2020-01-02T12:49:23","modified_gmt":"2020-01-02T14:49:23","slug":"ana-hickmann-fala-sobre-situacao-do-marido","status":"publish","type":"post","link":"https:\/\/sol.fm.br\/radio\/ana-hickmann-fala-sobre-situacao-do-marido\/","title":{"rendered":"Ana Hickmann fala sobre situa\u00e7\u00e3o do marido"},"content":{"rendered":"<div id=\"dslc-theme-content\"><div id=\"dslc-theme-content-inner\"><p>Na manh\u00e3 desta quinta-feira, 02 de janeiro, a apresentadora Ana Hickmann usou seu Instagram para contar que o seu marido, Alexandre Correa, est\u00e1 internado.<\/p>\n<p>Segundo ela, o seu amado est\u00e1 com uma infec\u00e7\u00e3o e segue em tratamento. Al\u00e9m disso, ela fez quest\u00e3o de agradecer todas as mensagens de carinho e de apoio que vem recebendo de f\u00e3s e amigos.<\/p>\n<p>\u201cAcho que ningu\u00e9m quer come\u00e7ar o ano assim, mas infelizmente o meu marido @alewin71 est\u00e1 internado. Ele est\u00e1 com uma infe\u00e7\u00e3o e est\u00e1 sendo tratado\u201d, come\u00e7ou ela na legenda da publica\u00e7\u00e3o.<\/p>\n<p>Em seguida, Ana falou sobre a maior dificuldade do seu marido estar internado: \u201cGostaria de agradecer todas as mensagens de carinho, afeto e amor. Isso nos d\u00e1 for\u00e7a. Agora o mais dif\u00edcil \u00e9 explicar pra o Alezinho porque o papai n\u00e3o est\u00e1 est\u00e1 em casa\u201d, contou ela.<\/p>\n<p>Ana, ent\u00e3o, finalizou: \u201cAmor da minha vida estamos todos rezando e torcendo para voc\u00ea se recuperar logo e voltar a brincar com nosso filho. Obrigada a todos pela for\u00e7a!\u201d<\/p>\n<hr \/>\n<h6><strong>Foto: Instagram<\/strong><\/h6>\n<p><center><iframe loading=\"lazy\" class=\"jmvplayer\" src=\"https:\/\/player.jmvstream.com\/lvw\/YYGWo5wfZuZ8fEW7Qoq1ISwhLSEDhU\" allowfullscreen allow=\"autoplay; fullscreen\" frameborder=\"0\" width=\"640\" height=\"360\" ><\/iframe><\/center><\/p>\n<\/div><\/div>","protected":false},"excerpt":{"rendered":"<p>Na manh\u00e3 desta quinta-feira, 02 de janeiro, a apresentadora Ana Hickmann usou seu Instagram para contar que o seu marido, Alexandre Correa, est\u00e1 internado. Segundo ela, o seu amado est\u00e1 com uma infec\u00e7\u00e3o e segue em tratamento. Al\u00e9m disso, ela fez quest\u00e3o de agradecer todas as mensagens de carinho e de apoio que vem recebendo [&hellip;]<\/p>\n","protected":false},"author":4,"featured_media":26952,"comment_status":"open","ping_status":"open","sticky":false,"template":"","format":"standard","meta":{"footnotes":""},"categories":[1],"tags":[],"class_list":["post-26951","post","type-post","status-publish","format-standard","has-post-thumbnail","hentry","category-sem-categoria"],"_links":{"self":[{"href":"https:\/\/sol.fm.br\/radio\/wp-json\/wp\/v2\/posts\/26951","targetHints":{"allow":["GET"]}}],"collection":[{"href":"https:\/\/sol.fm.br\/radio\/wp-json\/wp\/v2\/posts"}],"about":[{"href":"https:\/\/sol.fm.br\/radio\/wp-json\/wp\/v2\/types\/post"}],"author":[{"embeddable":true,"href":"https:\/\/sol.fm.br\/radio\/wp-json\/wp\/v2\/users\/4"}],"replies":[{"embeddable":true,"href":"https:\/\/sol.fm.br\/radio\/wp-json\/wp\/v2\/comments?post=26951"}],"version-history":[{"count":1,"href":"https:\/\/sol.fm.br\/radio\/wp-json\/wp\/v2\/posts\/26951\/revisions"}],"predecessor-version":[{"id":26953,"href":"https:\/\/sol.fm.br\/radio\/wp-json\/wp\/v2\/posts\/26951\/revisions\/26953"}],"wp:featuredmedia":[{"embeddable":true,"href":"https:\/\/sol.fm.br\/radio\/wp-json\/wp\/v2\/media\/26952"}],"wp:attachment":[{"href":"https:\/\/sol.fm.br\/radio\/wp-json\/wp\/v2\/media?parent=26951"}],"wp:term":[{"taxonomy":"category","embeddable":true,"href":"https:\/\/sol.fm.br\/radio\/wp-json\/wp\/v2\/categories?post=26951"},{"taxonomy":"post_tag","embeddable":true,"href":"https:\/\/sol.fm.br\/radio\/wp-json\/wp\/v2\/tags?post=26951"}],"curies":[{"name":"wp","href":"https:\/\/api.w.org\/{rel}","templated":true}]}}