{"id":26954,"date":"2020-01-02T13:04:05","date_gmt":"2020-01-02T15:04:05","guid":{"rendered":"http:\/\/sol.fm.br\/radio\/?p=26954"},"modified":"2020-01-02T13:04:05","modified_gmt":"2020-01-02T15:04:05","slug":"thais-fersoza-gera-emocao-apos-realizar-doacao-e-comove-o-marido-michel-telo","status":"publish","type":"post","link":"https:\/\/sol.fm.br\/radio\/thais-fersoza-gera-emocao-apos-realizar-doacao-e-comove-o-marido-michel-telo\/","title":{"rendered":"Thais Fersoza gera emo\u00e7\u00e3o ap\u00f3s realizar doa\u00e7\u00e3o e comove o marido, Michel Tel\u00f3"},"content":{"rendered":"<div id=\"dslc-theme-content\"><div id=\"dslc-theme-content-inner\"><p>A atriz e apresentadora Thais Fersoza resolveu iniciar o ano de 2020 praticando uma grandiosa a\u00e7\u00e3o. Em seu canal do Youtube, ela decidiu compartilhar da mudan\u00e7a no seu visual de uma forma especial: decidiu cortar os cabelos para fazer uma doa\u00e7\u00e3o.<\/p>\n<p><img loading=\"lazy\" decoding=\"async\" class=\"size-medium wp-image-26956 alignleft\" src=\"http:\/\/sol.fm.br\/radio\/wp-content\/uploads\/2020\/01\/hyujki-400x226.jpg\" alt=\"\" width=\"400\" height=\"226\" srcset=\"https:\/\/sol.fm.br\/radio\/wp-content\/uploads\/2020\/01\/hyujki-400x226.jpg 400w, https:\/\/sol.fm.br\/radio\/wp-content\/uploads\/2020\/01\/hyujki-768x433.jpg 768w, https:\/\/sol.fm.br\/radio\/wp-content\/uploads\/2020\/01\/hyujki.jpg 769w\" sizes=\"auto, (max-width: 400px) 100vw, 400px\" \/>\u201cQueria muito fazer esse corte porque \u00e9 muito especial para mim, pois quero fazer uma doa\u00e7\u00e3o\u201d, contou. \u201cConversei com meu cabeleireiro e disse que queria cortar o quanto fosse poss\u00edvel para fazer uma doa\u00e7\u00e3o. E ele me disse que s\u00e3o 15 cm, ent\u00e3o cortei 15 cm\u201d, explicou, enquanto exibia o antes e depois do seu longo cabelo nas m\u00e3os do hair stylist. \u201cGente, aqui o resultado. N\u00e3o filmei durante porque fiquei muito apreensiva olhando no espelho\u201d, revelou.<\/p>\n<p>\u201cOlha que lindo, leve e gostoso! Estou muito feliz\u201d, celebrou a apresentadora, que logo depois exibiu o visual para o marido, o cantor sertanejo Michel Tel\u00f3. \u201cVoc\u00ea est\u00e1 linda! Ela \u00e9 sempre linda\u2026 eu conheci ela loira de cabelo curto, depois ficou morena de cabelo curto, depois de cabelo comprido, muito muito comprido, e agora morena de cabelo normal. Falei para ela: \u2018de qualquer jeito que voc\u00ea cortar, vai ficar linda'\u201d, disse o artista.<\/p>\n<hr \/>\n<h6><strong>Fotos: Instagram<\/strong><\/h6>\n<p><center><iframe loading=\"lazy\" class=\"jmvplayer\" src=\"https:\/\/player.jmvstream.com\/lvw\/YYGWo5wfZuZ8fEW7Qoq1ISwhLSEDhU\" allowfullscreen allow=\"autoplay; fullscreen\" frameborder=\"0\" width=\"640\" height=\"360\" ><\/iframe><\/center><\/p>\n<\/div><\/div>","protected":false},"excerpt":{"rendered":"<p>A atriz e apresentadora Thais Fersoza resolveu iniciar o ano de 2020 praticando uma grandiosa a\u00e7\u00e3o. Em seu canal do Youtube, ela decidiu compartilhar da mudan\u00e7a no seu visual de uma forma especial: decidiu cortar os cabelos para fazer uma doa\u00e7\u00e3o. \u201cQueria muito fazer esse corte porque \u00e9 muito especial para mim, pois quero fazer [&hellip;]<\/p>\n","protected":false},"author":4,"featured_media":26958,"comment_status":"open","ping_status":"open","sticky":false,"template":"","format":"standard","meta":{"footnotes":""},"categories":[1],"tags":[],"class_list":["post-26954","post","type-post","status-publish","format-standard","has-post-thumbnail","hentry","category-sem-categoria"],"_links":{"self":[{"href":"https:\/\/sol.fm.br\/radio\/wp-json\/wp\/v2\/posts\/26954","targetHints":{"allow":["GET"]}}],"collection":[{"href":"https:\/\/sol.fm.br\/radio\/wp-json\/wp\/v2\/posts"}],"about":[{"href":"https:\/\/sol.fm.br\/radio\/wp-json\/wp\/v2\/types\/post"}],"author":[{"embeddable":true,"href":"https:\/\/sol.fm.br\/radio\/wp-json\/wp\/v2\/users\/4"}],"replies":[{"embeddable":true,"href":"https:\/\/sol.fm.br\/radio\/wp-json\/wp\/v2\/comments?post=26954"}],"version-history":[{"count":1,"href":"https:\/\/sol.fm.br\/radio\/wp-json\/wp\/v2\/posts\/26954\/revisions"}],"predecessor-version":[{"id":26959,"href":"https:\/\/sol.fm.br\/radio\/wp-json\/wp\/v2\/posts\/26954\/revisions\/26959"}],"wp:featuredmedia":[{"embeddable":true,"href":"https:\/\/sol.fm.br\/radio\/wp-json\/wp\/v2\/media\/26958"}],"wp:attachment":[{"href":"https:\/\/sol.fm.br\/radio\/wp-json\/wp\/v2\/media?parent=26954"}],"wp:term":[{"taxonomy":"category","embeddable":true,"href":"https:\/\/sol.fm.br\/radio\/wp-json\/wp\/v2\/categories?post=26954"},{"taxonomy":"post_tag","embeddable":true,"href":"https:\/\/sol.fm.br\/radio\/wp-json\/wp\/v2\/tags?post=26954"}],"curies":[{"name":"wp","href":"https:\/\/api.w.org\/{rel}","templated":true}]}}