{"id":26960,"date":"2020-01-06T13:43:02","date_gmt":"2020-01-06T15:43:02","guid":{"rendered":"http:\/\/sol.fm.br\/radio\/?p=26960"},"modified":"2020-01-06T13:43:02","modified_gmt":"2020-01-06T15:43:02","slug":"segunda-feira-promete-calor-escaldante","status":"publish","type":"post","link":"https:\/\/sol.fm.br\/radio\/segunda-feira-promete-calor-escaldante\/","title":{"rendered":"Segunda-feira promete calor escaldante"},"content":{"rendered":"<div id=\"dslc-theme-content\"><div id=\"dslc-theme-content-inner\"><p>Nesta segunda-feira, 06 de janeiro, o calor escandalte e o forte sol retornam ao Rio Grande do Sul. A massa de ar quente ganha for\u00e7a e a tarde ser\u00e1 t\u00f3rrida com marcas ao redor dos 40\u00baC em algumas cidades, como da Grande Porto Alegre e dos vales. O aquecimento induzir\u00e1 a forma\u00e7\u00e3o de nuvens e, com o deslocamento de frente fria de fraca atividade e desorganizada, \u00e1reas de instabilidade se formam com chuva irregular, sobretudo no Sul, Oeste e o Centro ga\u00facho.<\/p>\n<p>Devido ao excessivo calor, qualquer instabilidade pode trazer temporal em pontos isolados. Porto Alegre ter\u00e1 sol e nuvens com 37\u00baC a 38\u00baC, n\u00e3o se descartando chuva isolada na segunda metade do dia. Em Cap\u00e3o da Canoa e Torres, a m\u00e1xima deve ser de 32\u00baC. Em Santiago, Uruguaiana, Alegrete e Livramento, os term\u00f4metros podem marcar at\u00e9 33\u00baC.<\/p>\n<hr \/>\n<p>&nbsp;<\/p>\n<p><center><iframe loading=\"lazy\" class=\"jmvplayer\" src=\"https:\/\/player.jmvstream.com\/lvw\/YYGWo5wfZuZ8fEW7Qoq1ISwhLSEDhU\" allowfullscreen allow=\"autoplay; fullscreen\" frameborder=\"0\" width=\"640\" height=\"360\" ><\/iframe><\/center><\/p>\n<\/div><\/div>","protected":false},"excerpt":{"rendered":"<p>Nesta segunda-feira, 06 de janeiro, o calor escandalte e o forte sol retornam ao Rio Grande do Sul. A massa de ar quente ganha for\u00e7a e a tarde ser\u00e1 t\u00f3rrida com marcas ao redor dos 40\u00baC em algumas cidades, como da Grande Porto Alegre e dos vales. O aquecimento induzir\u00e1 a forma\u00e7\u00e3o de nuvens e, [&hellip;]<\/p>\n","protected":false},"author":4,"featured_media":26961,"comment_status":"open","ping_status":"open","sticky":false,"template":"","format":"standard","meta":{"footnotes":""},"categories":[1],"tags":[],"class_list":["post-26960","post","type-post","status-publish","format-standard","has-post-thumbnail","hentry","category-sem-categoria"],"_links":{"self":[{"href":"https:\/\/sol.fm.br\/radio\/wp-json\/wp\/v2\/posts\/26960","targetHints":{"allow":["GET"]}}],"collection":[{"href":"https:\/\/sol.fm.br\/radio\/wp-json\/wp\/v2\/posts"}],"about":[{"href":"https:\/\/sol.fm.br\/radio\/wp-json\/wp\/v2\/types\/post"}],"author":[{"embeddable":true,"href":"https:\/\/sol.fm.br\/radio\/wp-json\/wp\/v2\/users\/4"}],"replies":[{"embeddable":true,"href":"https:\/\/sol.fm.br\/radio\/wp-json\/wp\/v2\/comments?post=26960"}],"version-history":[{"count":1,"href":"https:\/\/sol.fm.br\/radio\/wp-json\/wp\/v2\/posts\/26960\/revisions"}],"predecessor-version":[{"id":26962,"href":"https:\/\/sol.fm.br\/radio\/wp-json\/wp\/v2\/posts\/26960\/revisions\/26962"}],"wp:featuredmedia":[{"embeddable":true,"href":"https:\/\/sol.fm.br\/radio\/wp-json\/wp\/v2\/media\/26961"}],"wp:attachment":[{"href":"https:\/\/sol.fm.br\/radio\/wp-json\/wp\/v2\/media?parent=26960"}],"wp:term":[{"taxonomy":"category","embeddable":true,"href":"https:\/\/sol.fm.br\/radio\/wp-json\/wp\/v2\/categories?post=26960"},{"taxonomy":"post_tag","embeddable":true,"href":"https:\/\/sol.fm.br\/radio\/wp-json\/wp\/v2\/tags?post=26960"}],"curies":[{"name":"wp","href":"https:\/\/api.w.org\/{rel}","templated":true}]}}