{"id":29977,"date":"2020-05-13T11:49:57","date_gmt":"2020-05-13T14:49:57","guid":{"rendered":"http:\/\/sol.fm.br\/radio\/?p=29977"},"modified":"2020-05-13T11:49:57","modified_gmt":"2020-05-13T14:49:57","slug":"sem-aulas-presenciais-escolas-de-parobe-se-adaptam-a-nova-rotina-de-estudo","status":"publish","type":"post","link":"https:\/\/sol.fm.br\/radio\/sem-aulas-presenciais-escolas-de-parobe-se-adaptam-a-nova-rotina-de-estudo\/","title":{"rendered":"Sem aulas presenciais, escolas de Parob\u00e9 se adaptam \u00e0 nova rotina de estudo"},"content":{"rendered":"<div id=\"dslc-theme-content\"><div id=\"dslc-theme-content-inner\"><p><em>Escolas ir\u00e3o entregar tarefas para os alunos realizarem em casa<\/em><\/p>\n<p>Para tentar conter a dissemina\u00e7\u00e3o do Coronav\u00edrus, as escolas do munic\u00edpio de Parob\u00e9 foram obrigadas a cessar as aulas presenciais e centenas de alunos est\u00e3o precisando se adaptar \u00e0 nova rotina de aula em casa.<\/p>\n<p>Segundo o Secret\u00e1rio de Educa\u00e7\u00e3o, Glauco Tasso, todos os alunos est\u00e3o tendo acesso \u00e0s aulas, seja online ou pela retirada de material nas escolas.<\/p>\n<p>A entrega das tarefas nas escolas ser\u00e1 uma vez por semana, nas quintas feiras, das 9h \u00e0s 16h, sem fechar ao meio-dia.<\/p>\n<hr \/>\n<h6><strong>Eder Zucolotto<\/strong><\/h6>\n<h6><strong>Prefeitura Municipal de Parob\u00e9<\/strong><\/h6>\n<p><center><iframe loading=\"lazy\" class=\"jmvplayer\" src=\"https:\/\/player.jmvstream.com\/lvw\/YYGWo5wfZuZ8fEW7Qoq1ISwhLSEDhU\" allowfullscreen allow=\"autoplay; fullscreen\" frameborder=\"0\" width=\"640\" height=\"360\" ><\/iframe><\/center><\/p>\n<\/div><\/div>","protected":false},"excerpt":{"rendered":"<p>Escolas ir\u00e3o entregar tarefas para os alunos realizarem em casa Para tentar conter a dissemina\u00e7\u00e3o do Coronav\u00edrus, as escolas do munic\u00edpio de Parob\u00e9 foram obrigadas a cessar as aulas presenciais e centenas de alunos est\u00e3o precisando se adaptar \u00e0 nova rotina de aula em casa. Segundo o Secret\u00e1rio de Educa\u00e7\u00e3o, Glauco Tasso, todos os alunos [&hellip;]<\/p>\n","protected":false},"author":4,"featured_media":29978,"comment_status":"open","ping_status":"open","sticky":false,"template":"","format":"standard","meta":{"footnotes":""},"categories":[1],"tags":[],"class_list":["post-29977","post","type-post","status-publish","format-standard","has-post-thumbnail","hentry","category-sem-categoria"],"_links":{"self":[{"href":"https:\/\/sol.fm.br\/radio\/wp-json\/wp\/v2\/posts\/29977","targetHints":{"allow":["GET"]}}],"collection":[{"href":"https:\/\/sol.fm.br\/radio\/wp-json\/wp\/v2\/posts"}],"about":[{"href":"https:\/\/sol.fm.br\/radio\/wp-json\/wp\/v2\/types\/post"}],"author":[{"embeddable":true,"href":"https:\/\/sol.fm.br\/radio\/wp-json\/wp\/v2\/users\/4"}],"replies":[{"embeddable":true,"href":"https:\/\/sol.fm.br\/radio\/wp-json\/wp\/v2\/comments?post=29977"}],"version-history":[{"count":1,"href":"https:\/\/sol.fm.br\/radio\/wp-json\/wp\/v2\/posts\/29977\/revisions"}],"predecessor-version":[{"id":29979,"href":"https:\/\/sol.fm.br\/radio\/wp-json\/wp\/v2\/posts\/29977\/revisions\/29979"}],"wp:featuredmedia":[{"embeddable":true,"href":"https:\/\/sol.fm.br\/radio\/wp-json\/wp\/v2\/media\/29978"}],"wp:attachment":[{"href":"https:\/\/sol.fm.br\/radio\/wp-json\/wp\/v2\/media?parent=29977"}],"wp:term":[{"taxonomy":"category","embeddable":true,"href":"https:\/\/sol.fm.br\/radio\/wp-json\/wp\/v2\/categories?post=29977"},{"taxonomy":"post_tag","embeddable":true,"href":"https:\/\/sol.fm.br\/radio\/wp-json\/wp\/v2\/tags?post=29977"}],"curies":[{"name":"wp","href":"https:\/\/api.w.org\/{rel}","templated":true}]}}