{"id":35344,"date":"2020-11-13T12:19:36","date_gmt":"2020-11-13T15:19:36","guid":{"rendered":"http:\/\/sol.fm.br\/radio\/?p=35344"},"modified":"2020-11-13T12:19:36","modified_gmt":"2020-11-13T15:19:36","slug":"sexta-feira-sera-quente-de-sol-com-chuva-passageira-em-alguns-locais","status":"publish","type":"post","link":"https:\/\/sol.fm.br\/radio\/sexta-feira-sera-quente-de-sol-com-chuva-passageira-em-alguns-locais\/","title":{"rendered":"Sexta-feira ser\u00e1 quente de sol, com chuva passageira em alguns locais"},"content":{"rendered":"<div id=\"dslc-theme-content\"><div id=\"dslc-theme-content-inner\"><p>Nesta sexta-feira, 13 de novembro, o sol aparece com nuvens na maioria das regi\u00f5es do Estado. No Sul e no Leste do Estado haver\u00e1 muita nebulosidade. Estas \u00e1reas do Estado podem ter chuva e garoa passageira, com muito baixos volumes onde ocorrer precipita\u00e7\u00e3o.<\/p>\n<p>O Noroeste e o Oeste do Estado seguem com tempo mais seco e aberto. Por isso, a temperatura se eleva menos no Sul e no Leste ga\u00facho enquanto locais do Oeste e do Noroeste v\u00e3o registrar maior aquecimento e uma tarde de calor.<\/p>\n<hr \/>\n<p>&nbsp;<\/p>\n<p><center><iframe loading=\"lazy\" class=\"jmvplayer\" src=\"https:\/\/player.jmvstream.com\/lvw\/YYGWo5wfZuZ8fEW7Qoq1ISwhLSEDhU\" allowfullscreen allow=\"autoplay; fullscreen\" frameborder=\"0\" width=\"640\" height=\"360\" ><\/iframe><\/center><\/p>\n<\/div><\/div>","protected":false},"excerpt":{"rendered":"<p>Nesta sexta-feira, 13 de novembro, o sol aparece com nuvens na maioria das regi\u00f5es do Estado. No Sul e no Leste do Estado haver\u00e1 muita nebulosidade. Estas \u00e1reas do Estado podem ter chuva e garoa passageira, com muito baixos volumes onde ocorrer precipita\u00e7\u00e3o. O Noroeste e o Oeste do Estado seguem com tempo mais seco [&hellip;]<\/p>\n","protected":false},"author":4,"featured_media":35346,"comment_status":"open","ping_status":"open","sticky":false,"template":"","format":"standard","meta":{"footnotes":""},"categories":[7,1],"tags":[],"class_list":["post-35344","post","type-post","status-publish","format-standard","has-post-thumbnail","hentry","category-politica","category-sem-categoria"],"_links":{"self":[{"href":"https:\/\/sol.fm.br\/radio\/wp-json\/wp\/v2\/posts\/35344","targetHints":{"allow":["GET"]}}],"collection":[{"href":"https:\/\/sol.fm.br\/radio\/wp-json\/wp\/v2\/posts"}],"about":[{"href":"https:\/\/sol.fm.br\/radio\/wp-json\/wp\/v2\/types\/post"}],"author":[{"embeddable":true,"href":"https:\/\/sol.fm.br\/radio\/wp-json\/wp\/v2\/users\/4"}],"replies":[{"embeddable":true,"href":"https:\/\/sol.fm.br\/radio\/wp-json\/wp\/v2\/comments?post=35344"}],"version-history":[{"count":2,"href":"https:\/\/sol.fm.br\/radio\/wp-json\/wp\/v2\/posts\/35344\/revisions"}],"predecessor-version":[{"id":35347,"href":"https:\/\/sol.fm.br\/radio\/wp-json\/wp\/v2\/posts\/35344\/revisions\/35347"}],"wp:featuredmedia":[{"embeddable":true,"href":"https:\/\/sol.fm.br\/radio\/wp-json\/wp\/v2\/media\/35346"}],"wp:attachment":[{"href":"https:\/\/sol.fm.br\/radio\/wp-json\/wp\/v2\/media?parent=35344"}],"wp:term":[{"taxonomy":"category","embeddable":true,"href":"https:\/\/sol.fm.br\/radio\/wp-json\/wp\/v2\/categories?post=35344"},{"taxonomy":"post_tag","embeddable":true,"href":"https:\/\/sol.fm.br\/radio\/wp-json\/wp\/v2\/tags?post=35344"}],"curies":[{"name":"wp","href":"https:\/\/api.w.org\/{rel}","templated":true}]}}