{"id":51143,"date":"2022-09-30T14:41:06","date_gmt":"2022-09-30T17:41:06","guid":{"rendered":"http:\/\/sol.fm.br\/radio\/?p=51143"},"modified":"2022-09-30T14:41:08","modified_gmt":"2022-09-30T17:41:08","slug":"cremers-homenageia-medicos-com-50-anos-de-profissao","status":"publish","type":"post","link":"https:\/\/sol.fm.br\/radio\/cremers-homenageia-medicos-com-50-anos-de-profissao\/","title":{"rendered":"Cremers homenageia m\u00e9dicos com 50 anos de profiss\u00e3o"},"content":{"rendered":"<div id=\"dslc-theme-content\"><div id=\"dslc-theme-content-inner\"><p>Ap\u00f3s dois anos pausada devido \u00e0 pandemia, o Cremers voltar\u00e1 a realizar a tradicional homenagem aos profissionais com mais de\u00a0<strong>50 anos de profiss\u00e3o<\/strong>. Marcando o Dia do M\u00e9dico, o evento ir\u00e1 ocorrer nos dias\u00a0<strong>19 e 20 de outubro<\/strong>, \u00e0s 18h, no\u00a0<strong>Teatro da AMRIGS<\/strong>.<em> \u201cEstamos muito felizes de poder retomar este evento, valorizando os m\u00e9dicos que tanto se dedicaram \u00e0 carreira e \u00e0 sa\u00fade da popula\u00e7\u00e3o\u201d<\/em>, afirma o presidente do Cremers, Carlos Sparta.<br clear=\"none\" aria-hidden=\"true\" \/><br clear=\"none\" aria-hidden=\"true\" \/>Nesta edi\u00e7\u00e3o, ser\u00e3o homenageados os m\u00e9dicos formados nos anos de\u00a0<strong>1970, 1971 e 1972<\/strong>, incluindo assim os profissionais que completaram, durante a pandemia, cinco d\u00e9cadas de atua\u00e7\u00e3o. Todos receber\u00e3o medalha e certificado de M\u00e9rito M\u00e9dico.<br clear=\"none\" aria-hidden=\"true\" \/><br clear=\"none\" aria-hidden=\"true\" \/>O Conselho entrar\u00e1 em contato com os homenageados por telefone e e-mail. As presen\u00e7as devem ser confirmadas at\u00e9 3 de outubro pelo e-mail\u00a0<a href=\"mailto:eventos@cremers.org.br\" target=\"_blank\" rel=\"noreferrer noopener\" shape=\"rect\" data-auth=\"NotApplicable\" data-linkindex=\"1\">eventos@cremers.org.br<\/a>\u00a0ou pelo telefone (51) 3300-5400 - ramal 203. Devido \u00e0 limita\u00e7\u00e3o do espa\u00e7o f\u00edsico, o n\u00famero m\u00e1ximo \u00e9 de cinco acompanhantes por homenageado.\u00a0<br clear=\"none\" aria-hidden=\"true\" \/><br clear=\"none\" aria-hidden=\"true\" \/><strong>Cremers em n\u00fameros -<\/strong>\u00a0O Conselho Regional de Medicina do Estado do Rio Grande do Sul possui 53.262 m\u00e9dicos registrados, sendo 36.424 ativos. Destes, 1.808 possuem mais de meio s\u00e9culo de profiss\u00e3o.<\/p>\n<hr \/>\n<h6><strong>Imprensa - Cremers<\/strong><\/h6>\n\n\n<center><iframe loading=\"lazy\" class=\"jmvplayer\" src=\"https:\/\/player.jmvstream.com\/lvw\/YYGWo5wfZuZ8fEW7Qoq1ISwhLSEDhU\" allowfullscreen allow=\"autoplay; fullscreen\" frameborder=\"0\" width=\"640\" height=\"360\" ><\/iframe><\/center>\n<\/div><\/div>","protected":false},"excerpt":{"rendered":"<p>Ap\u00f3s dois anos pausada devido \u00e0 pandemia, o Cremers voltar\u00e1 a realizar a tradicional homenagem aos profissionais com mais de\u00a050 anos de profiss\u00e3o. Marcando o Dia do M\u00e9dico, o evento ir\u00e1 ocorrer nos dias\u00a019 e 20 de outubro, \u00e0s 18h, no\u00a0Teatro da AMRIGS. \u201cEstamos muito felizes de poder retomar este evento, valorizando os m\u00e9dicos que [&hellip;]<\/p>\n","protected":false},"author":4,"featured_media":51144,"comment_status":"open","ping_status":"open","sticky":false,"template":"","format":"standard","meta":{"footnotes":""},"categories":[1],"tags":[],"class_list":["post-51143","post","type-post","status-publish","format-standard","has-post-thumbnail","hentry","category-sem-categoria"],"_links":{"self":[{"href":"https:\/\/sol.fm.br\/radio\/wp-json\/wp\/v2\/posts\/51143","targetHints":{"allow":["GET"]}}],"collection":[{"href":"https:\/\/sol.fm.br\/radio\/wp-json\/wp\/v2\/posts"}],"about":[{"href":"https:\/\/sol.fm.br\/radio\/wp-json\/wp\/v2\/types\/post"}],"author":[{"embeddable":true,"href":"https:\/\/sol.fm.br\/radio\/wp-json\/wp\/v2\/users\/4"}],"replies":[{"embeddable":true,"href":"https:\/\/sol.fm.br\/radio\/wp-json\/wp\/v2\/comments?post=51143"}],"version-history":[{"count":1,"href":"https:\/\/sol.fm.br\/radio\/wp-json\/wp\/v2\/posts\/51143\/revisions"}],"predecessor-version":[{"id":51145,"href":"https:\/\/sol.fm.br\/radio\/wp-json\/wp\/v2\/posts\/51143\/revisions\/51145"}],"wp:featuredmedia":[{"embeddable":true,"href":"https:\/\/sol.fm.br\/radio\/wp-json\/wp\/v2\/media\/51144"}],"wp:attachment":[{"href":"https:\/\/sol.fm.br\/radio\/wp-json\/wp\/v2\/media?parent=51143"}],"wp:term":[{"taxonomy":"category","embeddable":true,"href":"https:\/\/sol.fm.br\/radio\/wp-json\/wp\/v2\/categories?post=51143"},{"taxonomy":"post_tag","embeddable":true,"href":"https:\/\/sol.fm.br\/radio\/wp-json\/wp\/v2\/tags?post=51143"}],"curies":[{"name":"wp","href":"https:\/\/api.w.org\/{rel}","templated":true}]}}