{"id":58742,"date":"2023-09-05T08:50:39","date_gmt":"2023-09-05T11:50:39","guid":{"rendered":"http:\/\/sol.fm.br\/radio\/?p=58742"},"modified":"2023-09-05T08:50:40","modified_gmt":"2023-09-05T11:50:40","slug":"palestra-ensina-sobre-precificacao-para-oticas","status":"publish","type":"post","link":"https:\/\/sol.fm.br\/radio\/palestra-ensina-sobre-precificacao-para-oticas\/","title":{"rendered":"Palestra ensina sobre precifica\u00e7\u00e3o para \u00f3ticas"},"content":{"rendered":"<div id=\"dslc-theme-content\"><div id=\"dslc-theme-content-inner\"><p style=\"text-align: center;\"><em>Iniciativa da Associa\u00e7\u00e3o do Com\u00e9rcio de Joias, Rel\u00f3gios e \u00d3ptica do Rio Grande do Sul (Ajorsul) auxilia empres\u00e1rios e interessados na dif\u00edcil miss\u00e3o de compor pre\u00e7os justos e que assegurem a sa\u00fade financeira do estabelecimento<\/em><\/p>\n<p>Estabelecer o equil\u00edbrio entre um pre\u00e7o competitivo de um produto ou servi\u00e7o e a boa rentabilidade para o neg\u00f3cio \u00e9 um dos desafios mais importantes para qualquer empreendedor. A Associa\u00e7\u00e3o do Com\u00e9rcio de Joias, Rel\u00f3gios e \u00d3ptica do Rio Grande do Sul (Ajorsul) oferece no dia 14 de setembro palestra gratuita \"Curso Precifica\u00e7\u00e3o para \u00d3ticas\".<\/p>\n<p>O tema ser\u00e1 apresentado por Ewerton Vieira, profissional com s\u00f3lida forma\u00e7\u00e3o em Ci\u00eancias Cont\u00e1beis e Tecnologia da Informa\u00e7\u00e3o. Al\u00e9m de possuir um MBA em Gest\u00e3o de Pessoas, o convidado acumula 7 anos de experi\u00eancia como empres\u00e1rio no ramo \u00f3tico, trazendo uma abordagem pr\u00e1tica e inovadora para a discuss\u00e3o. Durante a palestra, abordar\u00e1 quest\u00f5es cruciais relacionadas \u00e0 precifica\u00e7\u00e3o no setor \u00f3tico, incluindo a an\u00e1lise de markup e t\u00e9cnicas eficazes para a forma\u00e7\u00e3o de pre\u00e7os. A oportunidade \u00e9 imperd\u00edvel para empres\u00e1rios, gestores e profissionais do setor que desejam aprimorar suas habilidades e otimizar suas estrat\u00e9gias de precifica\u00e7\u00e3o.<\/p>\n<p><strong>Servi\u00e7o:<\/strong><\/p>\n<p>T\u00edtulo: Precifica\u00e7\u00e3o para \u00d3ticas<br aria-hidden=\"true\" \/>Data: 14 de setembro, quinta-feira<br aria-hidden=\"true\" \/>Hor\u00e1rio: 19h (hor\u00e1rio local)<br aria-hidden=\"true\" \/>Local: Transmiss\u00e3o online e ao vivo pelo Zoom<br aria-hidden=\"true\" \/>As inscri\u00e7\u00f5es para o evento est\u00e3o abertas e podem ser feitas atrav\u00e9s do telefone (51) 99 523 6101, e-mail: educar@ajorsul.com.br.<\/p>\n<hr \/>\n<h6><strong>PlayPress | Ajorsul - Associa\u00e7\u00e3o do Com\u00e9rcio de Joias, Rel\u00f3gios e \u00d3ptica do Rio Grande do Sul | Reda\u00e7\u00e3o e Coordena\u00e7\u00e3o: Marcelo Matusiak | Foto: Divulga\u00e7\u00e3o<\/strong><\/h6>\n\n\n<center><iframe loading=\"lazy\" class=\"jmvplayer\" src=\"https:\/\/player.jmvstream.com\/lvw\/YYGWo5wfZuZ8fEW7Qoq1ISwhLSEDhU\" allowfullscreen allow=\"autoplay; fullscreen\" frameborder=\"0\" width=\"640\" height=\"360\" ><\/iframe><\/center>\n<\/div><\/div>","protected":false},"excerpt":{"rendered":"<p>Iniciativa da Associa\u00e7\u00e3o do Com\u00e9rcio de Joias, Rel\u00f3gios e \u00d3ptica do Rio Grande do Sul (Ajorsul) auxilia empres\u00e1rios e interessados na dif\u00edcil miss\u00e3o de compor pre\u00e7os justos e que assegurem a sa\u00fade financeira do estabelecimento Estabelecer o equil\u00edbrio entre um pre\u00e7o competitivo de um produto ou servi\u00e7o e a boa rentabilidade para o neg\u00f3cio \u00e9 [&hellip;]<\/p>\n","protected":false},"author":4,"featured_media":58743,"comment_status":"open","ping_status":"open","sticky":false,"template":"","format":"standard","meta":{"footnotes":""},"categories":[1],"tags":[],"class_list":["post-58742","post","type-post","status-publish","format-standard","has-post-thumbnail","hentry","category-sem-categoria"],"_links":{"self":[{"href":"https:\/\/sol.fm.br\/radio\/wp-json\/wp\/v2\/posts\/58742","targetHints":{"allow":["GET"]}}],"collection":[{"href":"https:\/\/sol.fm.br\/radio\/wp-json\/wp\/v2\/posts"}],"about":[{"href":"https:\/\/sol.fm.br\/radio\/wp-json\/wp\/v2\/types\/post"}],"author":[{"embeddable":true,"href":"https:\/\/sol.fm.br\/radio\/wp-json\/wp\/v2\/users\/4"}],"replies":[{"embeddable":true,"href":"https:\/\/sol.fm.br\/radio\/wp-json\/wp\/v2\/comments?post=58742"}],"version-history":[{"count":1,"href":"https:\/\/sol.fm.br\/radio\/wp-json\/wp\/v2\/posts\/58742\/revisions"}],"predecessor-version":[{"id":58744,"href":"https:\/\/sol.fm.br\/radio\/wp-json\/wp\/v2\/posts\/58742\/revisions\/58744"}],"wp:featuredmedia":[{"embeddable":true,"href":"https:\/\/sol.fm.br\/radio\/wp-json\/wp\/v2\/media\/58743"}],"wp:attachment":[{"href":"https:\/\/sol.fm.br\/radio\/wp-json\/wp\/v2\/media?parent=58742"}],"wp:term":[{"taxonomy":"category","embeddable":true,"href":"https:\/\/sol.fm.br\/radio\/wp-json\/wp\/v2\/categories?post=58742"},{"taxonomy":"post_tag","embeddable":true,"href":"https:\/\/sol.fm.br\/radio\/wp-json\/wp\/v2\/tags?post=58742"}],"curies":[{"name":"wp","href":"https:\/\/api.w.org\/{rel}","templated":true}]}}