{"id":60083,"date":"2023-10-30T10:59:46","date_gmt":"2023-10-30T13:59:46","guid":{"rendered":"http:\/\/sol.fm.br\/radio\/?p=60083"},"modified":"2023-10-30T10:59:47","modified_gmt":"2023-10-30T13:59:47","slug":"estrada-que-esta-recebendo-obra-de-pavimentacao-no-alto-rolante-e-alvo-de-vandalos","status":"publish","type":"post","link":"https:\/\/sol.fm.br\/radio\/estrada-que-esta-recebendo-obra-de-pavimentacao-no-alto-rolante-e-alvo-de-vandalos\/","title":{"rendered":"Estrada que est\u00e1 recebendo obra de pavimenta\u00e7\u00e3o no Alto Rolante \u00e9 alvo de v\u00e2ndalos"},"content":{"rendered":"<div id=\"dslc-theme-content\"><div id=\"dslc-theme-content-inner\"><p>A Administra\u00e7\u00e3o Municipal est\u00e1 fazendo uma obra de pavimenta\u00e7\u00e3o com pedra irregular no Alto Rolante, na estrada que d\u00e1 acesso ao Canta Galo, e na noite da \u00faltima sexta-feira, 27, v\u00e2ndalos depredaram o local, estragando boa parte do trabalho que j\u00e1 havia sido desenvolvido, danificando o cal\u00e7amento.<br \/>Em fun\u00e7\u00e3o disto, a Administra\u00e7\u00e3o Municipal teve que fechar a estrada por completo e pede desculpas pelo transtorno e solicita a compreens\u00e3o da comunidade que transita pelo local. A obra deve ser conclu\u00edda dentro de um prazo de tr\u00eas semanas.<\/p>\n<hr \/>\n<h6><strong>Prefeitura Municipal de Rolante | Fotos: Secretaria de Obras<\/strong><\/h6>\n\n\n<center><iframe loading=\"lazy\" class=\"jmvplayer\" src=\"https:\/\/player.jmvstream.com\/lvw\/YYGWo5wfZuZ8fEW7Qoq1ISwhLSEDhU\" allowfullscreen allow=\"autoplay; fullscreen\" frameborder=\"0\" width=\"640\" height=\"360\" ><\/iframe><\/center>\n<\/div><\/div>","protected":false},"excerpt":{"rendered":"<p>A Administra\u00e7\u00e3o Municipal est\u00e1 fazendo uma obra de pavimenta\u00e7\u00e3o com pedra irregular no Alto Rolante, na estrada que d\u00e1 acesso ao Canta Galo, e na noite da \u00faltima sexta-feira, 27, v\u00e2ndalos depredaram o local, estragando boa parte do trabalho que j\u00e1 havia sido desenvolvido, danificando o cal\u00e7amento.Em fun\u00e7\u00e3o disto, a Administra\u00e7\u00e3o Municipal teve que fechar [&hellip;]<\/p>\n","protected":false},"author":4,"featured_media":60084,"comment_status":"open","ping_status":"open","sticky":false,"template":"","format":"standard","meta":{"footnotes":""},"categories":[1],"tags":[],"class_list":["post-60083","post","type-post","status-publish","format-standard","has-post-thumbnail","hentry","category-sem-categoria"],"_links":{"self":[{"href":"https:\/\/sol.fm.br\/radio\/wp-json\/wp\/v2\/posts\/60083","targetHints":{"allow":["GET"]}}],"collection":[{"href":"https:\/\/sol.fm.br\/radio\/wp-json\/wp\/v2\/posts"}],"about":[{"href":"https:\/\/sol.fm.br\/radio\/wp-json\/wp\/v2\/types\/post"}],"author":[{"embeddable":true,"href":"https:\/\/sol.fm.br\/radio\/wp-json\/wp\/v2\/users\/4"}],"replies":[{"embeddable":true,"href":"https:\/\/sol.fm.br\/radio\/wp-json\/wp\/v2\/comments?post=60083"}],"version-history":[{"count":1,"href":"https:\/\/sol.fm.br\/radio\/wp-json\/wp\/v2\/posts\/60083\/revisions"}],"predecessor-version":[{"id":60085,"href":"https:\/\/sol.fm.br\/radio\/wp-json\/wp\/v2\/posts\/60083\/revisions\/60085"}],"wp:featuredmedia":[{"embeddable":true,"href":"https:\/\/sol.fm.br\/radio\/wp-json\/wp\/v2\/media\/60084"}],"wp:attachment":[{"href":"https:\/\/sol.fm.br\/radio\/wp-json\/wp\/v2\/media?parent=60083"}],"wp:term":[{"taxonomy":"category","embeddable":true,"href":"https:\/\/sol.fm.br\/radio\/wp-json\/wp\/v2\/categories?post=60083"},{"taxonomy":"post_tag","embeddable":true,"href":"https:\/\/sol.fm.br\/radio\/wp-json\/wp\/v2\/tags?post=60083"}],"curies":[{"name":"wp","href":"https:\/\/api.w.org\/{rel}","templated":true}]}}