{"id":60091,"date":"2023-10-30T15:51:53","date_gmt":"2023-10-30T18:51:53","guid":{"rendered":"http:\/\/sol.fm.br\/radio\/?p=60091"},"modified":"2023-10-30T15:51:54","modified_gmt":"2023-10-30T18:51:54","slug":"secretaria-de-desenvolvimento-social-da-inicio-a-entrega-de-cestas-basicas-a-produtores-rurais-atingidos-pela-estiagem","status":"publish","type":"post","link":"https:\/\/sol.fm.br\/radio\/secretaria-de-desenvolvimento-social-da-inicio-a-entrega-de-cestas-basicas-a-produtores-rurais-atingidos-pela-estiagem\/","title":{"rendered":"Secretaria de Desenvolvimento Social d\u00e1 in\u00edcio \u00e0 entrega de cestas b\u00e1sicas a produtores rurais atingidos pela estiagem"},"content":{"rendered":"<div id=\"dslc-theme-content\"><div id=\"dslc-theme-content-inner\"><p>O prefeito de Rolante, Pedro Rippel, acompanhou o in\u00edcio da entrega das cestas b\u00e1sicas, na \u00faltima sexta-feira, 27, destinadas aos produtores rurais atingidos pela estiagem.<br \/>No total, 300 fam\u00edlias ser\u00e3o beneficiadas com tr\u00eas cestas b\u00e1sicas cada uma.<\/p>\n<p>As entregas ser\u00e3o realizadas at\u00e9 o fim do m\u00eas de novembro na sede da Secretaria de Desenvolvimento Social, Habita\u00e7\u00e3o e Cidadania. A equipe da Secretaria est\u00e1 fazendo contato com os benefici\u00e1rios, por telefone, para que fa\u00e7am a retirada das cestas.<\/p>\n<p><img loading=\"lazy\" decoding=\"async\" class=\"alignnone size-medium wp-image-60093 aligncenter\" src=\"http:\/\/sol.fm.br\/radio\/wp-content\/uploads\/2023\/10\/81-3-400x300.jpg\" alt=\"\" width=\"400\" height=\"300\" srcset=\"https:\/\/sol.fm.br\/radio\/wp-content\/uploads\/2023\/10\/81-3-400x300.jpg 400w, https:\/\/sol.fm.br\/radio\/wp-content\/uploads\/2023\/10\/81-3-768x576.jpg 768w, https:\/\/sol.fm.br\/radio\/wp-content\/uploads\/2023\/10\/81-3-1536x1152.jpg 1536w, https:\/\/sol.fm.br\/radio\/wp-content\/uploads\/2023\/10\/81-3.jpg 1600w\" sizes=\"auto, (max-width: 400px) 100vw, 400px\" \/><\/p>\n<p><em>\u201cAssim que o munic\u00edpio foi contemplado com a ajuda humanit\u00e1ria atrav\u00e9s da Defesa Civil, com recursos para adquirir as cestas b\u00e1sicas, montei uma comiss\u00e3o para avaliar os cadastros dos poss\u00edveis benefici\u00e1rios para destin\u00e1-las a quem realmente precisa, de uma forma totalmente transparente. Todas as entregas est\u00e3o sendo realizadas e registradas com foto e mediante a assinatura de quem recebe as cestas\u201d<\/em>, comenta o prefeito Pedro Rippel.<\/p>\n<p>A comiss\u00e3o \u00e9 formada por representantes da Secretaria de Agricultura, Secretaria de Desenvolvimento Social, Sindicato dos Trabalhadores na Agricultura Familiar, Comiss\u00e3o de Agricultura da C\u00e2mara de Vereadores, Emater e do Conselho Municipal de Desenvolvimento Rural que foram avaliadas, em conjunto, todos os inscritos para receber as cestas b\u00e1sicas, que foram adquiridas atrav\u00e9s de processo licitat\u00f3rio, seguindo os crit\u00e9rios determinados pelo Governo Federal.<\/p>\n<p>Cada cesta b\u00e1sica cont\u00e9m: 5kg de arroz, 2 kg de feij\u00e3o, 5kg farinha de trigo, 2kg de farinha de milho, 1kg de sal, 2kg de a\u00e7\u00facar, 2kg de massa, 2l de \u00f3leo de soja, 1kg de farinha de mandioca, 2 pacotes de leite em p\u00f3 integral, 1kg de caf\u00e9, 2 pacotes de bolacha, 1 pacote de fermento e 2 latas de sardinha.<\/p>\n<hr \/>\n<h6><strong>Prefeitura Municipal de Rolante | Foto: Edna Cardoso<\/strong><\/h6>\n\n\n<center><iframe loading=\"lazy\" class=\"jmvplayer\" src=\"https:\/\/player.jmvstream.com\/lvw\/YYGWo5wfZuZ8fEW7Qoq1ISwhLSEDhU\" allowfullscreen allow=\"autoplay; fullscreen\" frameborder=\"0\" width=\"640\" height=\"360\" ><\/iframe><\/center>\n<\/div><\/div>","protected":false},"excerpt":{"rendered":"<p>O prefeito de Rolante, Pedro Rippel, acompanhou o in\u00edcio da entrega das cestas b\u00e1sicas, na \u00faltima sexta-feira, 27, destinadas aos produtores rurais atingidos pela estiagem.No total, 300 fam\u00edlias ser\u00e3o beneficiadas com tr\u00eas cestas b\u00e1sicas cada uma. As entregas ser\u00e3o realizadas at\u00e9 o fim do m\u00eas de novembro na sede da Secretaria de Desenvolvimento Social, Habita\u00e7\u00e3o [&hellip;]<\/p>\n","protected":false},"author":4,"featured_media":60092,"comment_status":"open","ping_status":"open","sticky":false,"template":"","format":"standard","meta":{"footnotes":""},"categories":[1],"tags":[],"class_list":["post-60091","post","type-post","status-publish","format-standard","has-post-thumbnail","hentry","category-sem-categoria"],"_links":{"self":[{"href":"https:\/\/sol.fm.br\/radio\/wp-json\/wp\/v2\/posts\/60091","targetHints":{"allow":["GET"]}}],"collection":[{"href":"https:\/\/sol.fm.br\/radio\/wp-json\/wp\/v2\/posts"}],"about":[{"href":"https:\/\/sol.fm.br\/radio\/wp-json\/wp\/v2\/types\/post"}],"author":[{"embeddable":true,"href":"https:\/\/sol.fm.br\/radio\/wp-json\/wp\/v2\/users\/4"}],"replies":[{"embeddable":true,"href":"https:\/\/sol.fm.br\/radio\/wp-json\/wp\/v2\/comments?post=60091"}],"version-history":[{"count":1,"href":"https:\/\/sol.fm.br\/radio\/wp-json\/wp\/v2\/posts\/60091\/revisions"}],"predecessor-version":[{"id":60094,"href":"https:\/\/sol.fm.br\/radio\/wp-json\/wp\/v2\/posts\/60091\/revisions\/60094"}],"wp:featuredmedia":[{"embeddable":true,"href":"https:\/\/sol.fm.br\/radio\/wp-json\/wp\/v2\/media\/60092"}],"wp:attachment":[{"href":"https:\/\/sol.fm.br\/radio\/wp-json\/wp\/v2\/media?parent=60091"}],"wp:term":[{"taxonomy":"category","embeddable":true,"href":"https:\/\/sol.fm.br\/radio\/wp-json\/wp\/v2\/categories?post=60091"},{"taxonomy":"post_tag","embeddable":true,"href":"https:\/\/sol.fm.br\/radio\/wp-json\/wp\/v2\/tags?post=60091"}],"curies":[{"name":"wp","href":"https:\/\/api.w.org\/{rel}","templated":true}]}}