{"id":60098,"date":"2023-10-31T09:36:18","date_gmt":"2023-10-31T12:36:18","guid":{"rendered":"http:\/\/sol.fm.br\/radio\/?p=60098"},"modified":"2023-10-31T09:36:19","modified_gmt":"2023-10-31T12:36:19","slug":"34a-oktoberfest-de-igrejinha-chega-ao-fim-com-parque-lotado","status":"publish","type":"post","link":"https:\/\/sol.fm.br\/radio\/34a-oktoberfest-de-igrejinha-chega-ao-fim-com-parque-lotado\/","title":{"rendered":"34\u00aa Oktoberfest de Igrejinha chega ao fim com parque lotado"},"content":{"rendered":"<div id=\"dslc-theme-content\"><div id=\"dslc-theme-content-inner\"><p style=\"text-align: center;\" align=\"center\"><em>Maior festa comunit\u00e1ria do Brasil trouxe shows nacionais e atra\u00e7\u00f5es para resgatar as tradi\u00e7\u00f5es germ\u00e2nicas<\/em><i><\/i><\/p>\n<p class=\"x_yiv0823918732ydp1bddb0fayiv5821084250MsoNormal\">\u00a0<\/p>\n<p class=\"x_yiv0823918732ydp1bddb0fayiv5821084250MsoNormal\">Em um domingo de muito sol e calor chegou ao fim a 34\u00aa Oktoberfest de Igrejinha. Nos \u00faltimos 10 dias, milhares de visitantes puderam vivenciar os dias mais alegres do ano no Parque Almiro Grings. A edi\u00e7\u00e3o foi marcada por contrariar as previs\u00f5es clim\u00e1ticas, tendo dias de muito sol e calor, que convidaram os visitantes a reviverem as tradi\u00e7\u00f5es germ\u00e2nicas e celebrar a vida.<\/p>\n<p class=\"x_yiv0823918732ydp1bddb0fayiv5821084250MsoNormal\"><img loading=\"lazy\" decoding=\"async\" class=\"alignnone size-medium wp-image-60100 aligncenter\" src=\"http:\/\/sol.fm.br\/radio\/wp-content\/uploads\/2023\/10\/111-400x267.jpg\" alt=\"\" width=\"400\" height=\"267\" srcset=\"https:\/\/sol.fm.br\/radio\/wp-content\/uploads\/2023\/10\/111-400x267.jpg 400w, https:\/\/sol.fm.br\/radio\/wp-content\/uploads\/2023\/10\/111-768x512.jpg 768w, https:\/\/sol.fm.br\/radio\/wp-content\/uploads\/2023\/10\/111-600x400.jpg 600w, https:\/\/sol.fm.br\/radio\/wp-content\/uploads\/2023\/10\/111.jpg 1440w\" sizes=\"auto, (max-width: 400px) 100vw, 400px\" \/><\/p>\n<p class=\"x_yiv0823918732ydp1bddb0fayiv5821084250MsoNormal\">Emocionado com o fim da 34\u00aa edi\u00e7\u00e3o da festa, o presidente da edi\u00e7\u00e3o, Marcelo Kunst, aproveitou para agradecer aos volunt\u00e1rios que fazem a festa.<em> \u201cTr\u00eas mil pessoas trabalharam em prol dessa festa, incansavelmente. Muito obrigado por toda dedica\u00e7\u00e3o, voc\u00eas fazem a diferen\u00e7a para a festa. Voc\u00eas s\u00e3o exemplos para Igrejinha, para o Rio Grande do Sul e para todo o Brasil\u201d<\/em>, comentou, ao lado da esposa Ana Paula Kunst, da corte formada pela Rainha K\u00e1dina Correia de Lima Linden, das Princesas Jenifer Isamara M\u00fcller e Sofia Camargo Bischoff,\u00a0al\u00e9m da Seniorin Maria Beatriz Figueredo, do Bubchen Eduardo Siqueira Vingert e da M\u00e4dchen Manuella Kirsch Spelocin Correa.<\/p>\n<p class=\"x_yiv0823918732ydp1bddb0fayiv5821084250MsoNormal\" aria-hidden=\"true\"><img loading=\"lazy\" decoding=\"async\" class=\"alignnone size-medium wp-image-60101 aligncenter\" src=\"http:\/\/sol.fm.br\/radio\/wp-content\/uploads\/2023\/10\/11-4-400x267.jpg\" alt=\"\" width=\"400\" height=\"267\" srcset=\"https:\/\/sol.fm.br\/radio\/wp-content\/uploads\/2023\/10\/11-4-400x267.jpg 400w, https:\/\/sol.fm.br\/radio\/wp-content\/uploads\/2023\/10\/11-4-768x512.jpg 768w, https:\/\/sol.fm.br\/radio\/wp-content\/uploads\/2023\/10\/11-4-600x400.jpg 600w, https:\/\/sol.fm.br\/radio\/wp-content\/uploads\/2023\/10\/11-4.jpg 1440w\" sizes=\"auto, (max-width: 400px) 100vw, 400px\" \/><\/p>\n<p class=\"x_yiv0823918732ydp1bddb0fayiv5821084250MsoNormal\">O prefeito municipal de Igrejinha, Leandro Horlle, tamb\u00e9m enalteceu a dedica\u00e7\u00e3o de todos para a realiza\u00e7\u00e3o da festa. <em>\u201cForam muitos momentos de alegria, de divers\u00e3o, mas, muito mais que isso, de voluntariado, de dedica\u00e7\u00e3o. In\u00fameras pessoas que, junto com a diretoria da Amifest, fizeram essa festa acontecer. Uma das maiores edi\u00e7\u00f5es da hist\u00f3ria!\u201d<\/em>, destacou.<\/p>\n<p class=\"x_yiv0823918732ydp1bddb0fayiv5821084250MsoNormal\"><b>Pr\u00f3xima edi\u00e7\u00e3o:\u00a0<\/b>a 35\u00aa Oktoberfest de Igrejinha j\u00e1 est\u00e1 confirmada e acontecer\u00e1 d<strong>e\u00a011 a 20 de outubro de 2024, no Parque de Eventos Almiro Grings.<\/strong><\/p>\n<p class=\"x_yiv0823918732ydp1bddb0fayiv5821084250MsoNormal\"><strong>\u00a0<\/strong><b>Fam\u00edlias Wallauer e Jost estar\u00e3o \u00e0 frente da 35\u00aa Oktoberfest de Igrejinha<\/b><b><\/b><\/p>\n<p class=\"x_yiv0823918732ydp1bddb0fayiv5821084250MsoNormal\">Durante a tarde, o p\u00fablico p\u00f4de acompanhar um momento especial, quando conheceu os casais de presidente e vice-presidente da 35\u00aa Oktoberfest de Igrejinha. Falcon e Alana Jost foram nomeados vice-presidentes por Egon e Fernanda Wallauer, que assumir\u00e3o a presid\u00eancia ap\u00f3s a Festa da Colheita, em dezembro. Juntos, eles t\u00eam\u00a0a miss\u00e3o de\u00a0planejar e organizar\u00a0a Oktoberfest de 2024.<\/p>\n<p class=\"x_yiv0823918732ydp1bddb0fayiv5821084250MsoNormal\">Volunt\u00e1rios h\u00e1 mais de 15 anos, Falcon e Alana compartilham o mesmo amor pela cultura e pela educa\u00e7\u00e3o. Ambos professores, cada um tem uma hist\u00f3ria especial com a Oktoberfest: Falcon, por exemplo, participa da festa desde pequeno, j\u00e1 Alana entrou no voluntariado influenciada por ele. <em>\u201cEu tenho um v\u00ednculo muito grande com a festa, desde pequeno sempre participei, com a fam\u00edlia, com a escola. Depois, comecei a fazer parte do grupo de dan\u00e7as Kirchleinburg, que sempre estava presente no evento. Mas foi s\u00f3 quando completei 18 anos que comecei a participar ativamente como volunt\u00e1rio\u201d,<\/em> lembra Falcon.<\/p>\n<p class=\"x_yiv0823918732ydp1bddb0fayiv5821084250MsoNormal\">Em seu discurso ap\u00f3s ser anunciado como presidente da pr\u00f3xima edi\u00e7\u00e3o, Egon agradeceu volunt\u00e1rios, diretoria e p\u00fablico e falou sobre a expectativa para a 35\u00aa Oktoberfest, que ser\u00e1 sob sua gest\u00e3o. <em>\u201cA Oktoberfest de Igrejinha \u00e9 s\u00edmbolo da nossa identidade e uni\u00e3o. Obrigado Marcelo e Ana pelo privil\u00e9gio, voc\u00eas nos oportunizaram muito aprendizado\u201d<\/em>, destacou Wallauer.<\/p>\n<p class=\"x_yiv0823918732ydp1bddb0fayiv5821084250MsoNormal\">Emocionado, o atual vice-presidente comentou sobre a import\u00e2ncia da festa. <em>\u201c\u00c9 com honra, grande alegria e responsabilidade que iremos assumir a presid\u00eancia da 35\u00aa Oktoberfest, um evento que est\u00e1 no cora\u00e7\u00e3o da nossa comunidade e representa n\u00e3o s\u00f3 uma festa, mas uma tradi\u00e7\u00e3o enraizada em nossa hist\u00f3ria e cultura\u201d<\/em>, completou ele.<\/p>\n<p class=\"x_yiv0823918732ydp1bddb0fayiv5821084250MsoNormal\"><b>Luan Santana encerra programa\u00e7\u00e3o musical com parque lotado<\/b><\/p>\n<p class=\"x_yiv0823918732ydp1bddb0fayiv5821084250MsoNormal\">O encerramento da 34\u00aa edi\u00e7\u00e3o ficou por conta de Luan Santana, que subiu ao palco e emocionou a todos com os seus grandes sucessos. O cantor, que \u00e9 um dos fen\u00f4menos atuais da m\u00fasica sertaneja, lotou o pavilh\u00e3o 2 de f\u00e3s.\u00a0 No repert\u00f3rio, ele trouxe hits mais recentes como\u00a0<em>Mulher Segura<\/em><i>,\u00a0<\/i><em>Solteirou<\/em><i>,\u00a0<\/i><em>Namorando ou<\/em>\u00a0Deus \u00e9 Muito Bom, que integram a turn\u00ea Luan City 2.0. Contudo, tamb\u00e9m promoveu cl\u00e1ssicos de sua trajet\u00f3ria de 16 anos, sem esquecer de\u00a0<em>Meteoro<\/em><i>,\u00a0<\/i><em>Te Esperando<\/em><i>,\u00a0<\/i><em>Sinais<\/em><i>\u00a0e\u00a0<\/i><em>Amar N\u00e3o \u00e9 Pecado<\/em>.<\/p>\n<p class=\"x_yiv0823918732ydp1bddb0fayiv5821084250MsoNormal\">Al\u00e9m disso, ao longo do dia, as atividades culturais que s\u00e3o marca registrada da festa tamb\u00e9m ganharam espa\u00e7o, como na 3\u00aa edi\u00e7\u00e3o Jogos Germ\u00e2nicos Escolares. A competi\u00e7\u00e3o reuniu as modalidades como Serra de duas Pontas, Carrinho de M\u00e3o, Knips, Cabo de Guerra e Schnorrer, buscando valorizar os antepassados junto \u00e0 comunidade escolar de forma l\u00fadica e divertida. O dia ainda reuniu apresenta\u00e7\u00f5es art\u00edsticas, culturais e folcl\u00f3ricas de diferentes grupos, sem esquecer das tradicionais bandinhas t\u00edpicas e bandas de baile, que alegraram o p\u00fablico em todos os dias de evento. Ao todo, ao longo dos dias, foram 155 atra\u00e7\u00f5es nos cinco palcos simult\u00e2neos da Oktober de Igrejinha.<\/p>\n<p class=\"x_yiv0823918732ydp1bddb0fayiv5821084250MsoNormal\"><img loading=\"lazy\" decoding=\"async\" class=\"alignnone size-medium wp-image-60102 aligncenter\" src=\"http:\/\/sol.fm.br\/radio\/wp-content\/uploads\/2023\/10\/12-2-400x257.jpg\" alt=\"\" width=\"400\" height=\"257\" srcset=\"https:\/\/sol.fm.br\/radio\/wp-content\/uploads\/2023\/10\/12-2-400x257.jpg 400w, https:\/\/sol.fm.br\/radio\/wp-content\/uploads\/2023\/10\/12-2-768x494.jpg 768w, https:\/\/sol.fm.br\/radio\/wp-content\/uploads\/2023\/10\/12-2.jpg 1400w\" sizes=\"auto, (max-width: 400px) 100vw, 400px\" \/><\/p>\n<p class=\"x_yiv0823918732ydp1bddb0fayiv5821084250MsoNormal\">Entre os visitantes deste \u00faltimo dia estava a fam\u00edlia de Cintia Caminha, que \u00e9 de Bras\u00edlia e visita a festa h\u00e1 seis anos. <em>\u201cProgramamos as nossas f\u00e9rias para virmos \u00e0 Igrejinha justamente no per\u00edodo da Oktoberfest. \u00c9 uma festa que tem um clima \u00fanico, perfeito para curtir a fam\u00edlia, estar entre amigos e beber um chope gelado\u201d<\/em>, conta a professora de 35 anos.<\/p>\n<p class=\"x_yiv0823918732ydp1bddb0fayiv5821084250MsoNormal\"><b>Festa marcada pela solidariedade<\/b><\/p>\n<p class=\"x_yiv0823918732ydp1bddb0fayiv5821084250MsoNormal\">O maior diferencial da Oktoberfest de Igrejinha \u00e9 a for\u00e7a do voluntariado que atravessa gera\u00e7\u00f5es ao longo dos 35 anos de festa. Reconhecida como a maior festa comunit\u00e1ria do Brasil, s\u00e3o mais de 3 mil volunt\u00e1rios que trabalham juntos durante todo o ano para fazer a Oktober acontecer, o equivalente a cerca de 10% da popula\u00e7\u00e3o de Igrejinha, fato esse que tornou o munic\u00edpio a Capital Estadual do Voluntariado. A festa tamb\u00e9m se diferencia por distribuir o resultado financeiro arrecadado, contribuindo com mais sa\u00fade, educa\u00e7\u00e3o e seguran\u00e7a na regi\u00e3o do Vale do Paranhana. Ao longo de todas as edi\u00e7\u00f5es, desde 1988, j\u00e1 foi repassado mais de R$ 20 milh\u00f5es em prol da comunidade, beneficiando entidades, institui\u00e7\u00f5es, escolas, hospitais, Brigada Militar e Bombeiros. Assim, Igrejinha se torna um exemplo para todo o Brasil em termos de uni\u00e3o, solidariedade e voluntariado. Os resultados obtidos nesta edi\u00e7\u00e3o da festa ser\u00e3o distribu\u00eddos da mesma maneira para institui\u00e7\u00f5es locais e da regi\u00e3o.<\/p>\n<p class=\"x_yiv0823918732ydp1bddb0fayiv5821084250MsoNormal\"><b>\u00a0<\/b><b>Sobre a 34\u00aa Oktoberfest de Igrejinha\u00a0\u2013<\/b>\u00a0A festa aconteceu de 20 a 29 de outubro de 2023, no Parque de Eventos Almiro Grings. O evento foi promovido pela Associa\u00e7\u00e3o de Amigos da Oktoberfest de Igrejinha (Amifest) e contou com patroc\u00ednio da Eisenbahn, Coca-Cola, Beira Rio, SECOM, Piccadilly, Usaflex, Pr\u00f3 Solar, Bebec\u00ea, Ambiente Verde, Sicoob, Sicredi, Banrisul Cons\u00f3rcios. Al\u00e9m disso, a Oktober de Igrejinha teve apoio de Prefeitura Municipal de Igrejinha, Ticket Mais, Unimed e Unifique. Mais informa\u00e7\u00f5es atrav\u00e9s do site oficial\u00a0<a id=\"LPlnk293744\" href=\"http:\/\/www.oktoberfest.org.br\/\" target=\"_blank\" rel=\"nofollow noopener noreferrer\" shape=\"rect\" data-auth=\"NotApplicable\" data-linkindex=\"0\">www.oktoberfest.org.br<\/a>\u00a0e das redes sociais.<\/p>\n<hr \/>\n<h6><strong>Assessoria de Imprensa - Talenttare | Fotos: F\u00e1bio Andr\u00e9 Haack e Juliano Arnold<\/strong><\/h6>\n\n\n<center><iframe loading=\"lazy\" class=\"jmvplayer\" src=\"https:\/\/player.jmvstream.com\/lvw\/YYGWo5wfZuZ8fEW7Qoq1ISwhLSEDhU\" allowfullscreen allow=\"autoplay; fullscreen\" frameborder=\"0\" width=\"640\" height=\"360\" ><\/iframe><\/center>\n<\/div><\/div>","protected":false},"excerpt":{"rendered":"<p>Maior festa comunit\u00e1ria do Brasil trouxe shows nacionais e atra\u00e7\u00f5es para resgatar as tradi\u00e7\u00f5es germ\u00e2nicas \u00a0 Em um domingo de muito sol e calor chegou ao fim a 34\u00aa Oktoberfest de Igrejinha. Nos \u00faltimos 10 dias, milhares de visitantes puderam vivenciar os dias mais alegres do ano no Parque Almiro Grings. A edi\u00e7\u00e3o foi marcada [&hellip;]<\/p>\n","protected":false},"author":4,"featured_media":60099,"comment_status":"open","ping_status":"open","sticky":false,"template":"","format":"standard","meta":{"footnotes":""},"categories":[1],"tags":[],"class_list":["post-60098","post","type-post","status-publish","format-standard","has-post-thumbnail","hentry","category-sem-categoria"],"_links":{"self":[{"href":"https:\/\/sol.fm.br\/radio\/wp-json\/wp\/v2\/posts\/60098","targetHints":{"allow":["GET"]}}],"collection":[{"href":"https:\/\/sol.fm.br\/radio\/wp-json\/wp\/v2\/posts"}],"about":[{"href":"https:\/\/sol.fm.br\/radio\/wp-json\/wp\/v2\/types\/post"}],"author":[{"embeddable":true,"href":"https:\/\/sol.fm.br\/radio\/wp-json\/wp\/v2\/users\/4"}],"replies":[{"embeddable":true,"href":"https:\/\/sol.fm.br\/radio\/wp-json\/wp\/v2\/comments?post=60098"}],"version-history":[{"count":1,"href":"https:\/\/sol.fm.br\/radio\/wp-json\/wp\/v2\/posts\/60098\/revisions"}],"predecessor-version":[{"id":60103,"href":"https:\/\/sol.fm.br\/radio\/wp-json\/wp\/v2\/posts\/60098\/revisions\/60103"}],"wp:featuredmedia":[{"embeddable":true,"href":"https:\/\/sol.fm.br\/radio\/wp-json\/wp\/v2\/media\/60099"}],"wp:attachment":[{"href":"https:\/\/sol.fm.br\/radio\/wp-json\/wp\/v2\/media?parent=60098"}],"wp:term":[{"taxonomy":"category","embeddable":true,"href":"https:\/\/sol.fm.br\/radio\/wp-json\/wp\/v2\/categories?post=60098"},{"taxonomy":"post_tag","embeddable":true,"href":"https:\/\/sol.fm.br\/radio\/wp-json\/wp\/v2\/tags?post=60098"}],"curies":[{"name":"wp","href":"https:\/\/api.w.org\/{rel}","templated":true}]}}