{"id":60104,"date":"2023-10-31T09:41:38","date_gmt":"2023-10-31T12:41:38","guid":{"rendered":"http:\/\/sol.fm.br\/radio\/?p=60104"},"modified":"2023-10-31T09:41:39","modified_gmt":"2023-10-31T12:41:39","slug":"estado-disponibiliza-cartilha-sobre-escuta-as-criancas-para-auxiliar-elaboracao-de-politicas-publicas-para-infancia","status":"publish","type":"post","link":"https:\/\/sol.fm.br\/radio\/estado-disponibiliza-cartilha-sobre-escuta-as-criancas-para-auxiliar-elaboracao-de-politicas-publicas-para-infancia\/","title":{"rendered":"Estado disponibiliza cartilha sobre escuta \u00e0s crian\u00e7as para auxiliar elabora\u00e7\u00e3o de pol\u00edticas p\u00fablicas para inf\u00e2ncia"},"content":{"rendered":"<div id=\"dslc-theme-content\"><div id=\"dslc-theme-content-inner\"><p style=\"text-align: center;\"><em>O documento traz orienta\u00e7\u00f5es para que os munic\u00edpios possam tornar o trabalho com esse p\u00fablico mais eficaz<\/em><\/p>\n<p>O governo do Estado disponibiliza, a partir desta segunda-feira (30\/10), uma cartilha sobre Escuta Infantil, elaborada a partir do trabalho realizado pelo Comit\u00ea Intersetorial pela Primeira Inf\u00e2ncia (Ceipi), coordenado pelo Gabinete do Vice-Governador. O documento apresenta o passo a passo e as orienta\u00e7\u00f5es para que gestores p\u00fablicos possam ouvir as crian\u00e7as e elaborar pol\u00edticas p\u00fablicas voltadas \u00e0s inf\u00e2ncias.<\/p>\n<ul>\n<li><a href=\"https:\/\/vicegovernador.rs.gov.br\/cartilha-escuta-infantil\" target=\"_blank\" rel=\"noopener\"><strong>Link para acessar a Cartilha Escuta Infantil<\/strong><\/a><\/li>\n<\/ul>\n<p>Para o vice-governador Gabriel Souza, a cartilha \u00e9 mais uma entrega do Ceipi, cuja tarefa principal \u00e9 construir o Plano Estadual pela Primeira Inf\u00e2ncia. <em>\u201cEstamos realizando uma s\u00e9rie de audi\u00eancias p\u00fablicas pelo Estado no intuito de ouvir as comunidades locais, mas a escuta infantil \u00e9 uma iniciativa muito enriquecedora, que pode ser realizada pelo pr\u00f3prio munic\u00edpio, permitindo compreender a percep\u00e7\u00e3o das pr\u00f3prias crian\u00e7as sobre o que elas esperam para o seu futuro\u201d,<\/em> explica.<\/p>\n<p>Para Gabriela Martins e Cristiane de Oliveira, respons\u00e1veis pela organiza\u00e7\u00e3o do texto, o documento aborda a escuta enquanto direito da crian\u00e7a, a qual, ao ser ouvida, pode participar ativamente da formula\u00e7\u00e3o de pol\u00edticas p\u00fablicas que lhe dizem respeito. <em>\u201cAl\u00e9m disso, a cartilha tamb\u00e9m apresenta um caminho metodol\u00f3gico para a realiza\u00e7\u00e3o de uma escuta acolhedora, criativa e que permite que as crian\u00e7as se sintam \u00e0 vontade para participar\u201d<\/em>, explica Cristiane, que integra a Equipe Estadual do Primeira Inf\u00e2ncia Melhor (PIM).<\/p>\n<p><strong>Sobre a cartilha<\/strong><\/p>\n<p>A cartilha est\u00e1 dividida em tr\u00eas partes: a primeira retrata o marco te\u00f3rico e legal, o qual descreve a hist\u00f3ria dos processos da inf\u00e2ncia; o marco legal da primeira inf\u00e2ncia e a explica\u00e7\u00e3o sobre a import\u00e2ncia da escuta infantil para a produ\u00e7\u00e3o de pol\u00edticas p\u00fablicas relacionadas a essa faixa et\u00e1ria.<\/p>\n<p><img loading=\"lazy\" decoding=\"async\" class=\"alignnone size-medium wp-image-60106 aligncenter\" src=\"http:\/\/sol.fm.br\/radio\/wp-content\/uploads\/2023\/10\/21-4-400x267.jpg\" alt=\"\" width=\"400\" height=\"267\" srcset=\"https:\/\/sol.fm.br\/radio\/wp-content\/uploads\/2023\/10\/21-4-400x267.jpg 400w, https:\/\/sol.fm.br\/radio\/wp-content\/uploads\/2023\/10\/21-4-768x512.jpg 768w, https:\/\/sol.fm.br\/radio\/wp-content\/uploads\/2023\/10\/21-4-600x400.jpg 600w, https:\/\/sol.fm.br\/radio\/wp-content\/uploads\/2023\/10\/21-4.jpg 800w\" sizes=\"auto, (max-width: 400px) 100vw, 400px\" \/><\/p>\n<p>Na sequ\u00eancia, os aspectos metodol\u00f3gicos para a escuta de crian\u00e7as s\u00e3o aprofundados, trazendo a contextualiza\u00e7\u00e3o dos atores que fazem parte do processo de escuta, o posicionamento dos adultos respons\u00e1veis, a quantidade de pessoas envolvidas e suas fun\u00e7\u00f5es, o acolhimento e a prepara\u00e7\u00e3o do espa\u00e7o f\u00edsico, as combina\u00e7\u00f5es iniciais, o consentimento de respons\u00e1veis e crian\u00e7as e o uso respons\u00e1vel do material coletado.<\/p>\n<p>A \u00faltima parte mostra as atividades e estrat\u00e9gias a serem utilizadas com as crian\u00e7as, descrevendo os locais adequados, chamados de espa\u00e7os brincantes, que as estimulam e as confortam, mesmo que n\u00e3o estejam em suas moradias ou locais de conhecimento pr\u00e9vio. O cap\u00edtulo aborda ainda a import\u00e2ncia dos desenhos, as identifica\u00e7\u00f5es como ferramentas de trocas e de ambienta\u00e7\u00e3o, a conta\u00e7\u00e3o de hist\u00f3rias e suas conex\u00f5es com as crian\u00e7as, al\u00e9m de\u00a0 relacionar as principais perguntas disparadoras para que outras pessoas possam ter essas ferramentas para escutas de qualidade.<\/p>\n<p><strong>Capacita\u00e7\u00e3o para os munic\u00edpios<\/strong><\/p>\n<p>Com objetivo de instruir equipes e educadores dos munic\u00edpios sobre o conte\u00fado da cartilha, representantes do Ceipi promover\u00e3o encontros online para oferecer a capacita\u00e7\u00e3o A escuta infantil no \u00e2mbito da constru\u00e7\u00e3o de pol\u00edticas p\u00fablicas para a primeira inf\u00e2ncia.<\/p>\n<p>As capacita\u00e7\u00f5es ocorrer\u00e3o nos dias 10 de novembro e 1\u00ba de dezembro ir\u00e3o disponibilizar conhecimentos e ferramentas que subsidiem profissionais de diferentes \u00e1reas para a realiza\u00e7\u00e3o de atividades para a escuta de crian\u00e7as, com o prop\u00f3sito de construir o Plano Estadual pela Primeira Inf\u00e2ncia do RS.<\/p>\n<hr \/>\n<h6><strong>GOV RS | Texto: Ascom GVG | Edi\u00e7\u00e3o: Secom | Foto: Gr\u00e9gori Bert\u00f3\/Arquivo Secom<\/strong><\/h6>\n\n\n<center><iframe loading=\"lazy\" class=\"jmvplayer\" src=\"https:\/\/player.jmvstream.com\/lvw\/YYGWo5wfZuZ8fEW7Qoq1ISwhLSEDhU\" allowfullscreen allow=\"autoplay; fullscreen\" frameborder=\"0\" width=\"640\" height=\"360\" ><\/iframe><\/center>\n<\/div><\/div>","protected":false},"excerpt":{"rendered":"<p>O documento traz orienta\u00e7\u00f5es para que os munic\u00edpios possam tornar o trabalho com esse p\u00fablico mais eficaz O governo do Estado disponibiliza, a partir desta segunda-feira (30\/10), uma cartilha sobre Escuta Infantil, elaborada a partir do trabalho realizado pelo Comit\u00ea Intersetorial pela Primeira Inf\u00e2ncia (Ceipi), coordenado pelo Gabinete do Vice-Governador. O documento apresenta o passo [&hellip;]<\/p>\n","protected":false},"author":4,"featured_media":60105,"comment_status":"open","ping_status":"open","sticky":false,"template":"","format":"standard","meta":{"footnotes":""},"categories":[1],"tags":[],"class_list":["post-60104","post","type-post","status-publish","format-standard","has-post-thumbnail","hentry","category-sem-categoria"],"_links":{"self":[{"href":"https:\/\/sol.fm.br\/radio\/wp-json\/wp\/v2\/posts\/60104","targetHints":{"allow":["GET"]}}],"collection":[{"href":"https:\/\/sol.fm.br\/radio\/wp-json\/wp\/v2\/posts"}],"about":[{"href":"https:\/\/sol.fm.br\/radio\/wp-json\/wp\/v2\/types\/post"}],"author":[{"embeddable":true,"href":"https:\/\/sol.fm.br\/radio\/wp-json\/wp\/v2\/users\/4"}],"replies":[{"embeddable":true,"href":"https:\/\/sol.fm.br\/radio\/wp-json\/wp\/v2\/comments?post=60104"}],"version-history":[{"count":1,"href":"https:\/\/sol.fm.br\/radio\/wp-json\/wp\/v2\/posts\/60104\/revisions"}],"predecessor-version":[{"id":60107,"href":"https:\/\/sol.fm.br\/radio\/wp-json\/wp\/v2\/posts\/60104\/revisions\/60107"}],"wp:featuredmedia":[{"embeddable":true,"href":"https:\/\/sol.fm.br\/radio\/wp-json\/wp\/v2\/media\/60105"}],"wp:attachment":[{"href":"https:\/\/sol.fm.br\/radio\/wp-json\/wp\/v2\/media?parent=60104"}],"wp:term":[{"taxonomy":"category","embeddable":true,"href":"https:\/\/sol.fm.br\/radio\/wp-json\/wp\/v2\/categories?post=60104"},{"taxonomy":"post_tag","embeddable":true,"href":"https:\/\/sol.fm.br\/radio\/wp-json\/wp\/v2\/tags?post=60104"}],"curies":[{"name":"wp","href":"https:\/\/api.w.org\/{rel}","templated":true}]}}