{"id":60111,"date":"2023-10-31T09:50:08","date_gmt":"2023-10-31T12:50:08","guid":{"rendered":"http:\/\/sol.fm.br\/radio\/?p=60111"},"modified":"2023-10-31T09:50:10","modified_gmt":"2023-10-31T12:50:10","slug":"benhur-bortolotto-e-o-novo-diretor-do-instituto-estadual-do-livro","status":"publish","type":"post","link":"https:\/\/sol.fm.br\/radio\/benhur-bortolotto-e-o-novo-diretor-do-instituto-estadual-do-livro\/","title":{"rendered":"Benhur Bortolotto \u00e9 o novo diretor do Instituto Estadual do Livro"},"content":{"rendered":"<div id=\"dslc-theme-content\"><div id=\"dslc-theme-content-inner\"><p>O Instituto Estadual do Livro (IEL), institui\u00e7\u00e3o da Secretaria da Cultura (Sedac), est\u00e1 sob nova dire\u00e7\u00e3o, com Benhur Bortolotto \u00e0 frente da gest\u00e3o e curadoria dos projetos. Fil\u00f3sofo e doutor em Literatura pela Universidade Federal do Rio Grande do Sul, Bortolotto assume o cargo deixado por Patr\u00edcia Langlois e ter\u00e1 a miss\u00e3o de dar continuidade ao trabalho do instituto de difundir a literatura produzida no Estado.<\/p>\n<p>Como pesquisador,\u00a0Bortolotto\u00a0publicou artigos acad\u00eamicos, nas \u00e1reas de literatura e lingu\u00edstica, em peri\u00f3dicos importantes \u2013 como a\u00a0<em>Revista de Estudos Avan\u00e7ados da Universidade de S\u00e3o Paulo<\/em>\u00a0e a\u00a0<em>Bakhtiniana: a Journal of Discourse Studies<\/em>. Na gest\u00e3o p\u00fablica, foi presidente do Conselho Estadual de Cultura de agosto de 2021 a agosto de 2022. Est\u00e1 desde fevereiro \u00e0 frente do Departamento de Livro, Leitura e Literatura da Sedac, ao qual o IEL \u00e9 vinculado.<\/p>\n<p><strong>Sobre o IEL<\/strong><\/p>\n<p>O instituto foi criado em 29 de janeiro de 1954, buscando propagar a literatura produzida no Rio Grande do Sul, apoiando o surgimento de novos escritores e trabalhando para a preserva\u00e7\u00e3o da mem\u00f3ria liter\u00e1ria e cultural do Estado.<\/p>\n<p>O IEL tem como fun\u00e7\u00e3o principal realizar atividades associadas ao livro, como edi\u00e7\u00f5es de textos originais de autores estreantes ou de obras cl\u00e1ssicas; promo\u00e7\u00e3o de encontros de escritores com a comunidade; organiza\u00e7\u00e3o de semin\u00e1rios; viabiliza\u00e7\u00e3o de uma pol\u00edtica do livro e da leitura; e coopera\u00e7\u00e3o com entidades p\u00fablicas e editoras locais.<\/p>\n<p>Atualmente est\u00e1 localizado na rua Andr\u00e9 Puente, 318, em Porto Alegre. Antes, o local abrigava o Arquivo Hist\u00f3rico do Estado. O espa\u00e7o foi totalmente reformado para abrigar os diversos setores que comp\u00f5em o IEL \u2013 como o Centro de Documenta\u00e7\u00e3o L\u00edgia Averbuck e a Sala Lila Ripoll, espa\u00e7o que se destina a semin\u00e1rios e palestras, com capacidade para 60 pessoas.<\/p>\n<hr \/>\n<h6><strong>GOV RS | Texto: Laura Copelli\/Ascom Sedac | Edi\u00e7\u00e3o: Felipe Borges\/Secom | Foto: Rafael Varela\/Ascom Sedac<\/strong><\/h6>\n\n\n<center><iframe loading=\"lazy\" class=\"jmvplayer\" src=\"https:\/\/player.jmvstream.com\/lvw\/YYGWo5wfZuZ8fEW7Qoq1ISwhLSEDhU\" allowfullscreen allow=\"autoplay; fullscreen\" frameborder=\"0\" width=\"640\" height=\"360\" ><\/iframe><\/center>\n<\/div><\/div>","protected":false},"excerpt":{"rendered":"<p>O Instituto Estadual do Livro (IEL), institui\u00e7\u00e3o da Secretaria da Cultura (Sedac), est\u00e1 sob nova dire\u00e7\u00e3o, com Benhur Bortolotto \u00e0 frente da gest\u00e3o e curadoria dos projetos. Fil\u00f3sofo e doutor em Literatura pela Universidade Federal do Rio Grande do Sul, Bortolotto assume o cargo deixado por Patr\u00edcia Langlois e ter\u00e1 a miss\u00e3o de dar continuidade [&hellip;]<\/p>\n","protected":false},"author":4,"featured_media":60112,"comment_status":"open","ping_status":"open","sticky":false,"template":"","format":"standard","meta":{"footnotes":""},"categories":[1],"tags":[],"class_list":["post-60111","post","type-post","status-publish","format-standard","has-post-thumbnail","hentry","category-sem-categoria"],"_links":{"self":[{"href":"https:\/\/sol.fm.br\/radio\/wp-json\/wp\/v2\/posts\/60111","targetHints":{"allow":["GET"]}}],"collection":[{"href":"https:\/\/sol.fm.br\/radio\/wp-json\/wp\/v2\/posts"}],"about":[{"href":"https:\/\/sol.fm.br\/radio\/wp-json\/wp\/v2\/types\/post"}],"author":[{"embeddable":true,"href":"https:\/\/sol.fm.br\/radio\/wp-json\/wp\/v2\/users\/4"}],"replies":[{"embeddable":true,"href":"https:\/\/sol.fm.br\/radio\/wp-json\/wp\/v2\/comments?post=60111"}],"version-history":[{"count":1,"href":"https:\/\/sol.fm.br\/radio\/wp-json\/wp\/v2\/posts\/60111\/revisions"}],"predecessor-version":[{"id":60113,"href":"https:\/\/sol.fm.br\/radio\/wp-json\/wp\/v2\/posts\/60111\/revisions\/60113"}],"wp:featuredmedia":[{"embeddable":true,"href":"https:\/\/sol.fm.br\/radio\/wp-json\/wp\/v2\/media\/60112"}],"wp:attachment":[{"href":"https:\/\/sol.fm.br\/radio\/wp-json\/wp\/v2\/media?parent=60111"}],"wp:term":[{"taxonomy":"category","embeddable":true,"href":"https:\/\/sol.fm.br\/radio\/wp-json\/wp\/v2\/categories?post=60111"},{"taxonomy":"post_tag","embeddable":true,"href":"https:\/\/sol.fm.br\/radio\/wp-json\/wp\/v2\/tags?post=60111"}],"curies":[{"name":"wp","href":"https:\/\/api.w.org\/{rel}","templated":true}]}}