{"id":60222,"date":"2023-11-07T08:59:17","date_gmt":"2023-11-07T11:59:17","guid":{"rendered":"http:\/\/sol.fm.br\/radio\/?p=60222"},"modified":"2023-11-07T08:59:18","modified_gmt":"2023-11-07T11:59:18","slug":"sicredi-caminho-das-aguas-chega-aos-100-anos-com-100-de-eficiencia-em-energia-solar","status":"publish","type":"post","link":"https:\/\/sol.fm.br\/radio\/sicredi-caminho-das-aguas-chega-aos-100-anos-com-100-de-eficiencia-em-energia-solar\/","title":{"rendered":"Sicredi Caminho das \u00c1guas chega aos 100 anos com 100% de efici\u00eancia em energia solar"},"content":{"rendered":"<div id=\"dslc-theme-content\"><div id=\"dslc-theme-content-inner\"><p dir=\"ltr\" style=\"text-align: center;\"><em>Usina passa a funcionar em Rolante, no Vale do Paranhana<\/em><\/p>\n<p dir=\"ltr\">A segunda usina solar da Sicredi Caminho das \u00c1guas foi inaugurada no mesmo m\u00eas em que a cooperativa completou 100 anos de funda\u00e7\u00e3o - comemorados no \u00faltimo s\u00e1bado,\u00a0 28 de outubro. Desta forma, a\u00a0 institui\u00e7\u00e3o financeira cooperativa chega ao centen\u00e1rio com 100% das ag\u00eancias abastecidas com energia sustent\u00e1vel. Composta por 500 placas de 550 Wp, a\u00a0<strong>Usina Centen\u00e1ria<\/strong>\u00a0est\u00e1 localizada na ERS-239, no munic\u00edpio de Rolante, onde futuramente tamb\u00e9m ser\u00e1 instalada a nova sede da Superintend\u00eancia Regional (Sureg) da Sicredi Caminho das \u00c1guas.<\/p>\n<p dir=\"ltr\">O sistema \u00e9 avaliado em R$ 1,6 milh\u00e3o de investimento e ir\u00e1 suprir a demanda energ\u00e9tica das ag\u00eancias de Campo Bom, Igrejinha, Nova Hartz, Parob\u00e9, Riozinho, Sapiranga, Taquara e Tr\u00eas Coroas, al\u00e9m da Sicredi Empresas, Sureg e almoxarifado. At\u00e9 ent\u00e3o, somente a ag\u00eancia de Rolante possu\u00eda gera\u00e7\u00e3o pr\u00f3pria e tamb\u00e9m abastecia a ag\u00eancia de Riozinho.\u00a0<\/p>\n<p dir=\"ltr\"><strong>Reflexo nas contas de luz<\/strong><\/p>\n<p dir=\"ltr\">Conforme a assessora de Infraestrutura da cooperativa, Jainara Garcia Fischer, com a primeira usina, em Os\u00f3rio, at\u00e9 o momento a economia foi de R$ 157 mil desde fevereiro de 2023. Segundo Jainara, a maior parte das ag\u00eancias apresenta resultados expressivos na conta de energia.\u00a0<\/p>\n<p dir=\"ltr\"><em>\u201cA distribui\u00e7\u00e3o levou alguns meses para rodar em todas as ag\u00eancias, ent\u00e3o nos meses de fevereiro e mar\u00e7o muitos dos locais j\u00e1 estavam recebendo energia limpa. Por\u00e9m, outras ag\u00eancias entraram na distribui\u00e7\u00e3o apenas no m\u00eas de junho\u201d<\/em>, cita.<\/p>\n<p dir=\"ltr\">De acordo com Jainara, a ag\u00eancia de Santo Ant\u00f4nio da Patrulha, por exemplo, registrou um consumo de 3332 kw e conta de R$ 2.749,47 no m\u00eas de janeiro. J\u00e1 no m\u00eas de fevereiro, o consumo foi de 3597 kw e a conta de R$ 257,93. <em>\u201cEm m\u00e9dia, a redu\u00e7\u00e3o de valores nas contas foi de 80%\u201d<\/em>, explica.<\/p>\n<p dir=\"ltr\">A primeira usina foi batizada como Pe. Jorge Annecken, nome do religioso que, em 1923, liderou o grupo de 26 pequenos produtores que se juntaram para formar a ent\u00e3o Caixa Rural de Rolante, que mais tarde se tornaria Sicredi Caminho das \u00c1guas.\u00a0\u00a0<\/p>\n<p dir=\"ltr\">Desde 2018, a Sicredi Caminho das \u00c1guas j\u00e1 financiou mais de 4,5 mil projetos de energia fotovoltaica para associados em sua \u00e1rea de atua\u00e7\u00e3o, totalizando mais de R$ 170 milh\u00f5es em cr\u00e9dito concedido.<\/p>\n<p dir=\"ltr\"><strong>Sobre a primeira usina\u00a0<\/strong><\/p>\n<p dir=\"ltr\">Em outubro de 2022, a Sicredi Caminho das \u00c1guas inaugurou a sua primeira usina em Os\u00f3rio, denominada Usina Solar Pe. Jorge Annecken, com o objetivo de suprir a demanda energ\u00e9tica das ag\u00eancias da Sicredi Caminho das \u00c1guas de mais de 10 munic\u00edpios no Litoral ga\u00facho: Arroio do Sal, Cap\u00e3o da Canoa, Capivari do Sul, Itati, Maquin\u00e9, Mostardas, Os\u00f3rio, Palmares do Sul, Santo Ant\u00f4nio da Patrulha, Terra de Areia, Torres, Tramanda\u00ed, Tr\u00eas Cachoeiras e Xangri-l\u00e1. O sistema conta com 628 m\u00f3dulos de 510Wp e ocupa uma \u00e1rea de 3 mil metros quadrados, com acesso por uma estrada vicinal na altura do Km 9 da Estrada do Mar, na localidade de Rinc\u00e3o da Cadeia.\u00a0<\/p>\n<p dir=\"ltr\"><strong>Sobre a Sicredi Caminho das \u00c1guas<\/strong><\/p>\n<p dir=\"ltr\">Constitu\u00edda em 1923, a Sicredi Caminho das \u00c1guas oferece um portf\u00f3lio completo para liberar o potencial das pessoas e dos neg\u00f3cios. Com mais de 300 solu\u00e7\u00f5es financeiras, a cooperativa re\u00fane mais de 80 mil associados em 33 munic\u00edpios no Vale do Paranhana, Vale do Sinos e Litoral do Rio Grande do Sul. Sua \u00e1rea de abrang\u00eancia contempla os munic\u00edpios de Araric\u00e1, Arroio do Sal, Balne\u00e1rio Pinhal, Campo Bom, Cap\u00e3o da Canoa, Capivari do Sul, Cara\u00e1, Cidreira, Dom Pedro de Alc\u00e2ntara, Igrejinha, Imb\u00e9, Itati, Mampituba, Maquin\u00e9, Morrinhos do Sul, Mostardas, Nova Hartz, Os\u00f3rio, Palmares do Sul, Parob\u00e9, Riozinho, Rolante, Santo Ant\u00f4nio da Patrulha, Sapiranga, Taquara, Tavares, Terra de Areia, Torres, Tramanda\u00ed, Tr\u00eas Cachoeiras, Tr\u00eas Coroas, Tr\u00eas Forquilhas e\u00a0 Xangri-l\u00e1. Com sede em Rolante\/RS, a Sicredi Caminho das \u00c1guas \u00e9 integrante do Sistema Sicredi, composto por 105 cooperativas distribu\u00eddas pelo Brasil.\u00a0<\/p>\n<hr \/>\n<h6 dir=\"ltr\"><strong>Sublinha! Comunica\u00e7\u00e3o | Assessoria de Imprensa - Sicredi Caminho das \u00c1guas<\/strong><\/h6>\n\n\n<center><iframe loading=\"lazy\" class=\"jmvplayer\" src=\"https:\/\/player.jmvstream.com\/lvw\/YYGWo5wfZuZ8fEW7Qoq1ISwhLSEDhU\" allowfullscreen allow=\"autoplay; fullscreen\" frameborder=\"0\" width=\"640\" height=\"360\" ><\/iframe><\/center>\n<\/div><\/div>","protected":false},"excerpt":{"rendered":"<p>Usina passa a funcionar em Rolante, no Vale do Paranhana A segunda usina solar da Sicredi Caminho das \u00c1guas foi inaugurada no mesmo m\u00eas em que a cooperativa completou 100 anos de funda\u00e7\u00e3o - comemorados no \u00faltimo s\u00e1bado,\u00a0 28 de outubro. Desta forma, a\u00a0 institui\u00e7\u00e3o financeira cooperativa chega ao centen\u00e1rio com 100% das ag\u00eancias abastecidas [&hellip;]<\/p>\n","protected":false},"author":4,"featured_media":60223,"comment_status":"open","ping_status":"open","sticky":false,"template":"","format":"standard","meta":{"footnotes":""},"categories":[1],"tags":[],"class_list":["post-60222","post","type-post","status-publish","format-standard","has-post-thumbnail","hentry","category-sem-categoria"],"_links":{"self":[{"href":"https:\/\/sol.fm.br\/radio\/wp-json\/wp\/v2\/posts\/60222","targetHints":{"allow":["GET"]}}],"collection":[{"href":"https:\/\/sol.fm.br\/radio\/wp-json\/wp\/v2\/posts"}],"about":[{"href":"https:\/\/sol.fm.br\/radio\/wp-json\/wp\/v2\/types\/post"}],"author":[{"embeddable":true,"href":"https:\/\/sol.fm.br\/radio\/wp-json\/wp\/v2\/users\/4"}],"replies":[{"embeddable":true,"href":"https:\/\/sol.fm.br\/radio\/wp-json\/wp\/v2\/comments?post=60222"}],"version-history":[{"count":1,"href":"https:\/\/sol.fm.br\/radio\/wp-json\/wp\/v2\/posts\/60222\/revisions"}],"predecessor-version":[{"id":60224,"href":"https:\/\/sol.fm.br\/radio\/wp-json\/wp\/v2\/posts\/60222\/revisions\/60224"}],"wp:featuredmedia":[{"embeddable":true,"href":"https:\/\/sol.fm.br\/radio\/wp-json\/wp\/v2\/media\/60223"}],"wp:attachment":[{"href":"https:\/\/sol.fm.br\/radio\/wp-json\/wp\/v2\/media?parent=60222"}],"wp:term":[{"taxonomy":"category","embeddable":true,"href":"https:\/\/sol.fm.br\/radio\/wp-json\/wp\/v2\/categories?post=60222"},{"taxonomy":"post_tag","embeddable":true,"href":"https:\/\/sol.fm.br\/radio\/wp-json\/wp\/v2\/tags?post=60222"}],"curies":[{"name":"wp","href":"https:\/\/api.w.org\/{rel}","templated":true}]}}