{"id":60228,"date":"2023-11-07T09:09:26","date_gmt":"2023-11-07T12:09:26","guid":{"rendered":"http:\/\/sol.fm.br\/radio\/?p=60228"},"modified":"2023-11-07T09:09:27","modified_gmt":"2023-11-07T12:09:27","slug":"porto-alegre-fecha-outubro-com-o-menor-numero-de-roubos-de-veiculos-dos-ultimos-13-anos","status":"publish","type":"post","link":"https:\/\/sol.fm.br\/radio\/porto-alegre-fecha-outubro-com-o-menor-numero-de-roubos-de-veiculos-dos-ultimos-13-anos\/","title":{"rendered":"Porto Alegre fecha outubro com o menor n\u00famero de roubos de ve\u00edculos dos \u00faltimos 13 anos"},"content":{"rendered":"<div id=\"dslc-theme-content\"><div id=\"dslc-theme-content-inner\"><p style=\"text-align: center;\"><em>Queda hist\u00f3rica \u00e9 reflexo das pol\u00edticas estrat\u00e9gicas adotadas pela Secretaria de Seguran\u00e7a P\u00fablica<\/em><\/p>\n<p>Com refor\u00e7o das a\u00e7\u00f5es policiais, Porto Alegre fechou o m\u00eas de outubro com o menor n\u00famero de roubos de ve\u00edculos para qualquer m\u00eas dos \u00faltimos 13 anos. Ao todo, foram registrados 86 casos na Capital, queda de 42,5% em rela\u00e7\u00e3o a outubro de 2022, quando foram computadas 150 ocorr\u00eancias.<\/p>\n<p>Esta \u00e9 a segunda vez no ano que o indicador tem queda hist\u00f3rica. Com 100 casos, julho de 2023 era, at\u00e9 ent\u00e3o, o menor n\u00famero da s\u00e9rie iniciada em 2010. Os n\u00fameros foram compilados nesta segunda-feira (6\/11) pelo Comando de Policiamento da Capital (CPC) da Brigada Militar em conjunto com a Secretaria da Seguran\u00e7a P\u00fablica (SSP).<\/p>\n<p>O menor n\u00famero de roubos de ve\u00edculos da hist\u00f3ria de Porto Alegre foi alcan\u00e7ado por meio das pol\u00edticas estrat\u00e9gicas adotadas pela SSP, que vem m\u00eas a m\u00eas reduzindo este indicador no Estado com a\u00e7\u00f5es efetivas da Brigada Militar e Pol\u00edcia Civil.<\/p>\n<p><em>\u201cAtingir um resultado t\u00e3o significativo em Porto Alegre, que concentra a maior circula\u00e7\u00e3o de ve\u00edculos, mostra que estamos no caminho certo no combate \u00e0 criminalidade. Por meio das pol\u00edticas transversais do RS Seguro tamb\u00e9m ampliamos as a\u00e7\u00f5es integradas de intelig\u00eancia, aumentando a press\u00e3o operacional em pontos espec\u00edficos da Capital para fortalecer ainda mais a seguran\u00e7a para o cidad\u00e3o\u201d<\/em>, destacou o titular da SSP, Sandro Caron.<\/p>\n<p>Segundo o comandante do CPC, Luciano Moritz, a redu\u00e7\u00e3o hist\u00f3rica \u00e9 fruto do trabalho conjunto das for\u00e7as de seguran\u00e7a e do comprometimento do efetivo policial. \u201c<em>O Comando de Policiamento da Capital conta com um grupo especializado que trabalha 24 horas, atacando todos os elos que envolvem desde o furto e roubo at\u00e9 a recepta\u00e7\u00e3o de ve\u00edculos. A partir do servi\u00e7o de intelig\u00eancia, \u00e1reas foram mapeadas e grupos criminosos identificados, resultando em pris\u00f5es na localiza\u00e7\u00e3o dos ve\u00edculos suprimidos\u201d<\/em>, pontuou Moritz.<\/p>\n<p><strong>A\u00e7\u00f5es estrat\u00e9gicas<\/strong><\/p>\n<p>Al\u00e9m do refor\u00e7o no policiamento ostensivo, a execu\u00e7\u00e3o permanente da Opera\u00e7\u00e3o Desmanche, for\u00e7a-tarefa coordenada pela SSP com as vinculadas, tamb\u00e9m vem auxiliando na diminui\u00e7\u00e3o dos roubos de ve\u00edculos. Criada em 2016, a ofensiva tem como foco combater os crimes de furto, roubo e recepta\u00e7\u00e3o de ve\u00edculos e pe\u00e7as automotores em ferros-velhos e desmanches do Estado. A integra\u00e7\u00e3o entre Estado e prefeitura, que segue atingindo bons resultados por meio do cercamento eletr\u00f4nico, tamb\u00e9m constitui um dos fatores para esta queda dos indicadores.<\/p>\n<p><strong>Reciclagem<\/strong><\/p>\n<p>Outra inova\u00e7\u00e3o que ajuda a refor\u00e7ar o combate ao com\u00e9rcio ilegal de pe\u00e7as \u00e9 a reciclagem veicular. Realizada regularmente pelo DetranRS desde 2009 para ve\u00edculos abandonados em dep\u00f3sito, a reciclagem tamb\u00e9m foi adotada no \u00e2mbito da Opera\u00e7\u00e3o Desmanche.<\/p>\n<p>Toda a sucata apreendida nos desmanches ilegais \u00e9 descaracterizada por meio de compacta\u00e7\u00e3o e encaminhada para a reciclagem na ind\u00fastria sider\u00fargica, impedindo que as pe\u00e7as sem origem retornem ao mercado ilegal. At\u00e9 hoje, foram recicladas mais de 8 mil toneladas de sucatas apreendidas pelas opera\u00e7\u00f5es da for\u00e7a-tarefa.<\/p>\n<hr \/>\n<h6><strong>GOV RS | Texto: Anelize Sampaio\/Ascom SSP | Edi\u00e7\u00e3o: Secom<\/strong><\/h6>\n\n\n<center><iframe loading=\"lazy\" class=\"jmvplayer\" src=\"https:\/\/player.jmvstream.com\/lvw\/YYGWo5wfZuZ8fEW7Qoq1ISwhLSEDhU\" allowfullscreen allow=\"autoplay; fullscreen\" frameborder=\"0\" width=\"640\" height=\"360\" ><\/iframe><\/center>\n<\/div><\/div>","protected":false},"excerpt":{"rendered":"<p>Queda hist\u00f3rica \u00e9 reflexo das pol\u00edticas estrat\u00e9gicas adotadas pela Secretaria de Seguran\u00e7a P\u00fablica Com refor\u00e7o das a\u00e7\u00f5es policiais, Porto Alegre fechou o m\u00eas de outubro com o menor n\u00famero de roubos de ve\u00edculos para qualquer m\u00eas dos \u00faltimos 13 anos. Ao todo, foram registrados 86 casos na Capital, queda de 42,5% em rela\u00e7\u00e3o a outubro [&hellip;]<\/p>\n","protected":false},"author":4,"featured_media":60229,"comment_status":"open","ping_status":"open","sticky":false,"template":"","format":"standard","meta":{"footnotes":""},"categories":[1],"tags":[],"class_list":["post-60228","post","type-post","status-publish","format-standard","has-post-thumbnail","hentry","category-sem-categoria"],"_links":{"self":[{"href":"https:\/\/sol.fm.br\/radio\/wp-json\/wp\/v2\/posts\/60228","targetHints":{"allow":["GET"]}}],"collection":[{"href":"https:\/\/sol.fm.br\/radio\/wp-json\/wp\/v2\/posts"}],"about":[{"href":"https:\/\/sol.fm.br\/radio\/wp-json\/wp\/v2\/types\/post"}],"author":[{"embeddable":true,"href":"https:\/\/sol.fm.br\/radio\/wp-json\/wp\/v2\/users\/4"}],"replies":[{"embeddable":true,"href":"https:\/\/sol.fm.br\/radio\/wp-json\/wp\/v2\/comments?post=60228"}],"version-history":[{"count":1,"href":"https:\/\/sol.fm.br\/radio\/wp-json\/wp\/v2\/posts\/60228\/revisions"}],"predecessor-version":[{"id":60230,"href":"https:\/\/sol.fm.br\/radio\/wp-json\/wp\/v2\/posts\/60228\/revisions\/60230"}],"wp:featuredmedia":[{"embeddable":true,"href":"https:\/\/sol.fm.br\/radio\/wp-json\/wp\/v2\/media\/60229"}],"wp:attachment":[{"href":"https:\/\/sol.fm.br\/radio\/wp-json\/wp\/v2\/media?parent=60228"}],"wp:term":[{"taxonomy":"category","embeddable":true,"href":"https:\/\/sol.fm.br\/radio\/wp-json\/wp\/v2\/categories?post=60228"},{"taxonomy":"post_tag","embeddable":true,"href":"https:\/\/sol.fm.br\/radio\/wp-json\/wp\/v2\/tags?post=60228"}],"curies":[{"name":"wp","href":"https:\/\/api.w.org\/{rel}","templated":true}]}}